{"id":1013,"date":"2019-11-22T09:27:46","date_gmt":"2019-11-22T07:27:46","guid":{"rendered":"http:\/\/efijaszbereny.hu\/?p=1013"},"modified":"2019-11-22T09:30:14","modified_gmt":"2019-11-22T07:30:14","slug":"ne-gyujts-ra","status":"publish","type":"post","link":"http:\/\/efijaszbereny.hu\/?p=1013","title":{"rendered":"Ne gy\u00fajts r\u00e1!"},"content":{"rendered":"\n<h3><strong>\u201eNe gy\u00fajts r\u00e1!\u201d, csatlakozz a kih\u00edv\u00e1shoz!<\/strong><\/h3>\n\n\n\n<p><\/p>\n\n\n\n<figure class=\"wp-block-image\"><img src=\"http:\/\/www.halasi-korhaz.hu\/sites\/default\/files\/KORHAZ\/hefi\/kampanyok\/ne_gyujts_ra_2019\/851x315_fb_cover-01.jpg\" alt=\"851x315_fb_cover-01.jpg\"\/><\/figure>\n\n\n\n<p>A doh\u00e1nyz\u00e1s nemcsak s\u00falyos eg\u00e9szs\u00e9gk\u00e1rosod\u00e1st, hanem \u00f6sszetett f\u00fcgg\u0151s\u00e9get is okoz. \u00c9ppen ez\u00e9rt csak keveseknek<br>siker\u00fcl \u00f6nerej\u00fckb\u0151l megszabadulniuk a nikotinf\u00fcgg\u0151s\u00e9gt\u0151l. Sokan \u00fagy v\u00e9lik, hogy az e-cigaretta a leszok\u00e1s egyik<br>eszk\u00f6ze. Ez azonban s\u00falyos t\u00e9ved\u00e9s. Leszokni csak tudatos d\u00f6nt\u00e9ssel \u00e9s er\u0151s akarattal lehet.<\/p>\n\n\n\n<p>A \u201eNe gy\u00fajts r\u00e1!\u201d kih\u00edv\u00e1s \u00e9ppen ez\u00e9rt az els\u0151 tudatos l\u00e9p\u00e9s megt\u00e9tel\u00e9hez sz\u00fcks\u00e9ges motiv\u00e1ci\u00f3t akarja meger\u0151s\u00edteni<br>minden \u00e9rintettben. Ha m\u00e1r elsz\u00e1ntad magad, akkor a leszok\u00e1s folyamat\u00e1ban mi ott lesz\u00fcnk melletted \u00e9s t\u00e1mogatunk.<br>Tan\u00e1csad\u00e1ssal, biztat\u00e1ssal \u00e9s egy erre a c\u00e9lra kifejlesztett applik\u00e1ci\u00f3val&nbsp;<strong>:&nbsp;<a href=\"http:\/\/efijaszbereny.hu\/wp-content\/uploads\/szorolap_gond_egy_szalse_2019-1.pdf\">\u201eGond? Egy sz\u00e1l se!\u201d<\/a><\/strong>.<\/p>\n\n\n\n<p>Els\u0151 l\u00e9p\u00e9sk\u00e9nt fogadd el a kih\u00edv\u00e1st \u00e9s tudatos\u00edtsd magadban az els\u0151 olyan napot, amikor m\u00e1r nem gy\u00fajtasz r\u00e1.<\/p>\n\n\n\n<p>Legyen 2019. november 21-\u00e9n \u201eAz els\u0151 nap\u201d.<\/p>\n\n\n\n<p>Miel\u0151tt azonban elj\u00f6n ez a nap, m\u00e9g sok mindent \u00e9rdemes megtudnod, ez\u00e9rt az elk\u00f6vetkez\u0151 h\u00e9ten k\u00f6vesd a m\u00e9di\u00e1ban<br>megjelen\u0151 h\u00edrad\u00e1sokat a doh\u00e1nyz\u00e1s elleni k\u00fczdelemr\u0151l.<\/p>\n\n\n\n<p>Csatlakozz orsz\u00e1gszerte azokhoz az ezrekhez, akiknek november 21-\u00e9n lesz \u201eAz elso nap\u201d egy eg\u00e9szs\u00e9gesebb,<br>doh\u00e1nyz\u00e1s- \u00e9s nikotinmentes \u00e9letben!<\/p>\n\n\n\n<p>A leszok\u00e1s els\u0151 l\u00e9p\u00e9se, hogy elhat\u00e1rozd Magad! A d\u00f6nt\u00e9s a Te kezedben van, a t\u00f6bbiben mi seg\u00edteni fogunk.<br>H\u00edvd az&nbsp;<strong>06-80-200-493<\/strong>&nbsp;ingyenes z\u00f6ld sz\u00e1mot, vagy fordulj a lak\u00f3helyedhez legk\u00f6zelebbi Eg\u00e9szs\u00e9gfejleszt\u00e9si Irod\u00e1hoz<br>(<strong><a href=\"https:\/\/www.nnk.gov.hu\/efi\" target=\"_blank\" rel=\"noreferrer noopener\">https:\/\/www.nnk.gov.hu\/efi<\/a><\/strong>), ahol szakembereink m\u00e1r v\u00e1rj\u00e1k jelentkez\u00e9sedet.<\/p>\n\n\n\n<p><strong>Legyen 2019. november 21-\u00e9n a Te els\u0151 napod a doh\u00e1nyz\u00e1smentes \u00e9let fel\u00e9!<\/strong><\/p>\n\n\n\n<p>Hidd el, meg\u00e9ri, ak\u00e1r 14 \u00e9vvel is tov\u00e1bb \u00e9lhetsz!<\/p>\n\n\n\n<p>Tov\u00e1bbi inform\u00e1ci\u00f3k:&nbsp;<strong><a href=\"http:\/\/www.leteszemacigit.hu\/\" target=\"_blank\" rel=\"noreferrer noopener\">www.leteszemacigit.hu<\/a><\/strong><\/p>\n\n\n\n<h4><strong>Let\u00f6lthet\u0151 kiadv\u00e1nyok:<\/strong><br><\/h4>\n\n\n\n<ul><li><a href=\"http:\/\/efijaszbereny.hu\/wp-content\/uploads\/negyujtsra2019_flyera5_02a.pdf\">\u201eNe gy\u00fajts r\u00e1!\u201d 1<\/a><\/li><li><a href=\"http:\/\/efijaszbereny.hu\/wp-content\/uploads\/negyujtsra2019_flyera5_02b.pdf\">\u201eNe gy\u00fajts r\u00e1!\u201d 2.<\/a><\/li><li><a href=\"http:\/\/efijaszbereny.hu\/wp-content\/uploads\/megelozes_dohanyzas_visszaszoritasa_2019_df_small_res.pdf\">Doh\u00e1nyf\u00fcst-mentess\u00e9g: Az eg\u00e9szs\u00e9ges \u00e9s boldog \u00e9let egyik titka!<\/a><\/li><li><a href=\"http:\/\/efijaszbereny.hu\/wp-content\/uploads\/szorolap_gond_egy_szalse_2019-1.pdf\">Gond? Egy sz\u00e1lse!\u201d &#8211; Applik\u00e1ci\u00f3 sz\u00f3r\u00f3lap<\/a><\/li><\/ul>\n","protected":false},"excerpt":{"rendered":"<p>\u201eNe gy\u00fajts r\u00e1!\u201d, csatlakozz a kih\u00edv\u00e1shoz! A doh\u00e1nyz\u00e1s nemcsak s\u00falyos eg\u00e9szs\u00e9gk\u00e1rosod\u00e1st, hanem \u00f6sszetett f\u00fcgg\u0151s\u00e9get is okoz. \u00c9ppen ez\u00e9rt csak kevesekneksiker\u00fcl \u00f6nerej\u00fckb\u0151l megszabadulniuk a nikotinf\u00fcgg\u0151s\u00e9gt\u0151l. Sokan \u00fagy v\u00e9lik, hogy az e-cigaretta a leszok\u00e1s egyikeszk\u00f6ze. Ez azonban s\u00falyos t\u00e9ved\u00e9s. Leszokni csak tudatos d\u00f6nt\u00e9ssel \u00e9s er\u0151s akarattal lehet. A \u201eNe gy\u00fajts r\u00e1!\u201d kih\u00edv\u00e1s \u00e9ppen ez\u00e9rt az els\u0151 tudatos &hellip; <a href=\"http:\/\/efijaszbereny.hu\/?p=1013\" class=\"more-link\">Continue reading<span class=\"screen-reader-text\"> &#8222;Ne gy\u00fajts r\u00e1!&#8221;<\/span><\/a><\/p>\n","protected":false},"author":1,"featured_media":0,"comment_status":"closed","ping_status":"open","sticky":false,"template":"","format":"standard","meta":[],"categories":[1],"tags":[],"_links":{"self":[{"href":"http:\/\/efijaszbereny.hu\/index.php?rest_route=\/wp\/v2\/posts\/1013"}],"collection":[{"href":"http:\/\/efijaszbereny.hu\/index.php?rest_route=\/wp\/v2\/posts"}],"about":[{"href":"http:\/\/efijaszbereny.hu\/index.php?rest_route=\/wp\/v2\/types\/post"}],"author":[{"embeddable":true,"href":"http:\/\/efijaszbereny.hu\/index.php?rest_route=\/wp\/v2\/users\/1"}],"replies":[{"embeddable":true,"href":"http:\/\/efijaszbereny.hu\/index.php?rest_route=%2Fwp%2Fv2%2Fcomments&post=1013"}],"version-history":[{"count":2,"href":"http:\/\/efijaszbereny.hu\/index.php?rest_route=\/wp\/v2\/posts\/1013\/revisions"}],"predecessor-version":[{"id":1020,"href":"http:\/\/efijaszbereny.hu\/index.php?rest_route=\/wp\/v2\/posts\/1013\/revisions\/1020"}],"wp:attachment":[{"href":"http:\/\/efijaszbereny.hu\/index.php?rest_route=%2Fwp%2Fv2%2Fmedia&parent=1013"}],"wp:term":[{"taxonomy":"category","embeddable":true,"href":"http:\/\/efijaszbereny.hu\/index.php?rest_route=%2Fwp%2Fv2%2Fcategories&post=1013"},{"taxonomy":"post_tag","embeddable":true,"href":"http:\/\/efijaszbereny.hu\/index.php?rest_route=%2Fwp%2Fv2%2Ftags&post=1013"}],"curies":[{"name":"wp","href":"https:\/\/api.w.org\/{rel}","templated":true}]}}