{"id":1027,"date":"2019-12-10T10:24:44","date_gmt":"2019-12-10T08:24:44","guid":{"rendered":"http:\/\/efijaszbereny.hu\/?p=1027"},"modified":"2019-12-10T10:24:44","modified_gmt":"2019-12-10T08:24:44","slug":"2019-11-05-olajag-jasz-mozgaskorlatozottak-egyesulete-depresszio-megelozese-az-unnepek-elott-es-alatt","status":"publish","type":"post","link":"http:\/\/efijaszbereny.hu\/?p=1027","title":{"rendered":"2019.11.05. Olaj\u00e1g-J\u00e1sz Mozg\u00e1skorl\u00e1tozottak Egyes\u00fclete: Depresszi\u00f3 megel\u0151z\u00e9se az \u00fcnnepek el\u0151tt \u00e9s alatt"},"content":{"rendered":"\n<p><a href=\"http:\/\/efijaszbereny.hu\/wp-content\/uploads\/Depresszi\u00f3-megel\u0151z\u00e9se-az-\u00fcnnepek-el\u0151tt-\u00e9s-alatt.pdf\"> 2019.11.05. Olaj\u00e1g-J\u00e1sz Mozg\u00e1skorl\u00e1tozottak Egyes\u00fclete: Depresszi\u00f3  megel\u0151z\u00e9se az \u00fcnnepek el\u0151tt \u00e9s alatt <\/a><\/p>\n","protected":false},"excerpt":{"rendered":"<p>2019.11.05. Olaj\u00e1g-J\u00e1sz Mozg\u00e1skorl\u00e1tozottak Egyes\u00fclete: Depresszi\u00f3 megel\u0151z\u00e9se az \u00fcnnepek el\u0151tt \u00e9s alatt<\/p>\n","protected":false},"author":1,"featured_media":0,"comment_status":"closed","ping_status":"open","sticky":false,"template":"","format":"standard","meta":[],"categories":[1],"tags":[],"_links":{"self":[{"href":"http:\/\/efijaszbereny.hu\/index.php?rest_route=\/wp\/v2\/posts\/1027"}],"collection":[{"href":"http:\/\/efijaszbereny.hu\/index.php?rest_route=\/wp\/v2\/posts"}],"about":[{"href":"http:\/\/efijaszbereny.hu\/index.php?rest_route=\/wp\/v2\/types\/post"}],"author":[{"embeddable":true,"href":"http:\/\/efijaszbereny.hu\/index.php?rest_route=\/wp\/v2\/users\/1"}],"replies":[{"embeddable":true,"href":"http:\/\/efijaszbereny.hu\/index.php?rest_route=%2Fwp%2Fv2%2Fcomments&post=1027"}],"version-history":[{"count":1,"href":"http:\/\/efijaszbereny.hu\/index.php?rest_route=\/wp\/v2\/posts\/1027\/revisions"}],"predecessor-version":[{"id":1028,"href":"http:\/\/efijaszbereny.hu\/index.php?rest_route=\/wp\/v2\/posts\/1027\/revisions\/1028"}],"wp:attachment":[{"href":"http:\/\/efijaszbereny.hu\/index.php?rest_route=%2Fwp%2Fv2%2Fmedia&parent=1027"}],"wp:term":[{"taxonomy":"category","embeddable":true,"href":"http:\/\/efijaszbereny.hu\/index.php?rest_route=%2Fwp%2Fv2%2Fcategories&post=1027"},{"taxonomy":"post_tag","embeddable":true,"href":"http:\/\/efijaszbereny.hu\/index.php?rest_route=%2Fwp%2Fv2%2Ftags&post=1027"}],"curies":[{"name":"wp","href":"https:\/\/api.w.org\/{rel}","templated":true}]}}