{"id":1155,"date":"2020-06-11T15:39:02","date_gmt":"2020-06-11T13:39:02","guid":{"rendered":"http:\/\/efijaszbereny.hu\/?p=1155"},"modified":"2020-06-11T15:40:26","modified_gmt":"2020-06-11T13:40:26","slug":"lakossagi-tajekoztato-a-vedekezes-masodik-szakaszaban-is-fontos-az-altalanos-ovintezkedesek-betartasa","status":"publish","type":"post","link":"http:\/\/efijaszbereny.hu\/?p=1155","title":{"rendered":"Lakoss\u00e1gi t\u00e1j\u00e9koztat\u00f3: &#8222;A v\u00e9dekez\u00e9s m\u00e1sodik szakasz\u00e1ban is fontos az \u00e1ltal\u00e1nos \u00f3vint\u00e9zked\u00e9sek betart\u00e1sa&#8221;"},"content":{"rendered":"\n<p><a href=\"https:\/\/koronavirus.gov.hu\/korlatozasok\">https:\/\/koronavirus.gov.hu\/korlatozasok<\/a><\/p>\n","protected":false},"excerpt":{"rendered":"<p>https:\/\/koronavirus.gov.hu\/korlatozasok<\/p>\n","protected":false},"author":1,"featured_media":0,"comment_status":"closed","ping_status":"open","sticky":false,"template":"","format":"standard","meta":[],"categories":[1],"tags":[],"_links":{"self":[{"href":"http:\/\/efijaszbereny.hu\/index.php?rest_route=\/wp\/v2\/posts\/1155"}],"collection":[{"href":"http:\/\/efijaszbereny.hu\/index.php?rest_route=\/wp\/v2\/posts"}],"about":[{"href":"http:\/\/efijaszbereny.hu\/index.php?rest_route=\/wp\/v2\/types\/post"}],"author":[{"embeddable":true,"href":"http:\/\/efijaszbereny.hu\/index.php?rest_route=\/wp\/v2\/users\/1"}],"replies":[{"embeddable":true,"href":"http:\/\/efijaszbereny.hu\/index.php?rest_route=%2Fwp%2Fv2%2Fcomments&post=1155"}],"version-history":[{"count":2,"href":"http:\/\/efijaszbereny.hu\/index.php?rest_route=\/wp\/v2\/posts\/1155\/revisions"}],"predecessor-version":[{"id":1158,"href":"http:\/\/efijaszbereny.hu\/index.php?rest_route=\/wp\/v2\/posts\/1155\/revisions\/1158"}],"wp:attachment":[{"href":"http:\/\/efijaszbereny.hu\/index.php?rest_route=%2Fwp%2Fv2%2Fmedia&parent=1155"}],"wp:term":[{"taxonomy":"category","embeddable":true,"href":"http:\/\/efijaszbereny.hu\/index.php?rest_route=%2Fwp%2Fv2%2Fcategories&post=1155"},{"taxonomy":"post_tag","embeddable":true,"href":"http:\/\/efijaszbereny.hu\/index.php?rest_route=%2Fwp%2Fv2%2Ftags&post=1155"}],"curies":[{"name":"wp","href":"https:\/\/api.w.org\/{rel}","templated":true}]}}