{"id":1157,"date":"2020-06-11T15:40:30","date_gmt":"2020-06-11T13:40:30","guid":{"rendered":"http:\/\/efijaszbereny.hu\/?p=1157"},"modified":"2020-06-11T15:40:30","modified_gmt":"2020-06-11T13:40:30","slug":"lakossagi-tajekoztato-orszagos-tisztifoorvos-jelentosen-es-folyamatosan-csokken-az-aktiv-fertozottek-szama","status":"publish","type":"post","link":"http:\/\/efijaszbereny.hu\/?p=1157","title":{"rendered":"Lakoss\u00e1gi t\u00e1j\u00e9koztat\u00f3: &#8222;Orsz\u00e1gos tisztif\u0151orvos: jelent\u0151sen \u00e9s folyamatosan cs\u00f6kken az akt\u00edv fert\u0151z\u00f6ttek sz\u00e1ma&#8221;"},"content":{"rendered":"\n<p><a href=\"https:\/\/koronavirus.gov.hu\/cikkek\/orszagos-tisztifoorvos-jelentosen-es-folyamatosan-csokken-az-aktiv-fertozottek-szama\">https:\/\/koronavirus.gov.hu\/cikkek\/orszagos-tisztifoorvos-jelentosen-es-folyamatosan-csokken-az-aktiv-fertozottek-szama<\/a><\/p>\n","protected":false},"excerpt":{"rendered":"<p>https:\/\/koronavirus.gov.hu\/cikkek\/orszagos-tisztifoorvos-jelentosen-es-folyamatosan-csokken-az-aktiv-fertozottek-szama<\/p>\n","protected":false},"author":1,"featured_media":0,"comment_status":"closed","ping_status":"open","sticky":false,"template":"","format":"standard","meta":[],"categories":[1],"tags":[],"_links":{"self":[{"href":"http:\/\/efijaszbereny.hu\/index.php?rest_route=\/wp\/v2\/posts\/1157"}],"collection":[{"href":"http:\/\/efijaszbereny.hu\/index.php?rest_route=\/wp\/v2\/posts"}],"about":[{"href":"http:\/\/efijaszbereny.hu\/index.php?rest_route=\/wp\/v2\/types\/post"}],"author":[{"embeddable":true,"href":"http:\/\/efijaszbereny.hu\/index.php?rest_route=\/wp\/v2\/users\/1"}],"replies":[{"embeddable":true,"href":"http:\/\/efijaszbereny.hu\/index.php?rest_route=%2Fwp%2Fv2%2Fcomments&post=1157"}],"version-history":[{"count":1,"href":"http:\/\/efijaszbereny.hu\/index.php?rest_route=\/wp\/v2\/posts\/1157\/revisions"}],"predecessor-version":[{"id":1159,"href":"http:\/\/efijaszbereny.hu\/index.php?rest_route=\/wp\/v2\/posts\/1157\/revisions\/1159"}],"wp:attachment":[{"href":"http:\/\/efijaszbereny.hu\/index.php?rest_route=%2Fwp%2Fv2%2Fmedia&parent=1157"}],"wp:term":[{"taxonomy":"category","embeddable":true,"href":"http:\/\/efijaszbereny.hu\/index.php?rest_route=%2Fwp%2Fv2%2Fcategories&post=1157"},{"taxonomy":"post_tag","embeddable":true,"href":"http:\/\/efijaszbereny.hu\/index.php?rest_route=%2Fwp%2Fv2%2Ftags&post=1157"}],"curies":[{"name":"wp","href":"https:\/\/api.w.org\/{rel}","templated":true}]}}