{"id":118,"date":"2014-06-25T10:44:26","date_gmt":"2014-06-25T10:44:26","guid":{"rendered":"http:\/\/efijaszbereny.hu\/?p=118"},"modified":"2014-06-25T10:48:16","modified_gmt":"2014-06-25T10:48:16","slug":"a-mozgas-ejszakaja-2014","status":"publish","type":"post","link":"http:\/\/efijaszbereny.hu\/?p=118","title":{"rendered":"A Mozg\u00e1s \u00c9jszak\u00e1ja 2014"},"content":{"rendered":"<p><strong>J\u00e1szber\u00e9nyben is megrendez\u00e9sre ker\u00fcl a Mozg\u00e1s \u00c9jszak\u00e1ja 2014 program:<\/strong><\/p>\n<p><a href=\"http:\/\/efijaszbereny.hu\/wp-content\/uploads\/2014\/06\/PLAK\u00c1T_J\u00c1SZBER\u00c9NY_S.jpg\" target=\"_blank\"><img loading=\"lazy\" class=\"alignnone  wp-image-119\" alt=\"Sportok \u00c9jszak\u00e1ja 2014\" src=\"http:\/\/efijaszbereny.hu\/wp-content\/uploads\/2014\/06\/PLAK\u00c1T_J\u00c1SZBER\u00c9NY_S-724x1024.jpg\" width=\"640\" height=\"905\" srcset=\"http:\/\/efijaszbereny.hu\/wp-content\/uploads\/2014\/06\/PLAK\u00c1T_J\u00c1SZBER\u00c9NY_S-724x1024.jpg 724w, http:\/\/efijaszbereny.hu\/wp-content\/uploads\/2014\/06\/PLAK\u00c1T_J\u00c1SZBER\u00c9NY_S-212x300.jpg 212w, http:\/\/efijaszbereny.hu\/wp-content\/uploads\/2014\/06\/PLAK\u00c1T_J\u00c1SZBER\u00c9NY_S.jpg 1132w\" sizes=\"(max-width: 709px) 85vw, (max-width: 909px) 67vw, (max-width: 984px) 61vw, (max-width: 1362px) 45vw, 600px\" \/><\/a><\/p>\n<p>Az id\u0151j\u00e1r\u00e1sra val\u00f3 tekintettel a rendez\u0151k a program v\u00e1ltoz\u00e1s jog\u00e1t fenntartj\u00e1k!<\/p>\n","protected":false},"excerpt":{"rendered":"<p>J\u00e1szber\u00e9nyben is megrendez\u00e9sre ker\u00fcl a Mozg\u00e1s \u00c9jszak\u00e1ja 2014 program: Az id\u0151j\u00e1r\u00e1sra val\u00f3 tekintettel a rendez\u0151k a program v\u00e1ltoz\u00e1s jog\u00e1t fenntartj\u00e1k!<\/p>\n","protected":false},"author":1,"featured_media":0,"comment_status":"closed","ping_status":"open","sticky":false,"template":"","format":"standard","meta":[],"categories":[1],"tags":[],"_links":{"self":[{"href":"http:\/\/efijaszbereny.hu\/index.php?rest_route=\/wp\/v2\/posts\/118"}],"collection":[{"href":"http:\/\/efijaszbereny.hu\/index.php?rest_route=\/wp\/v2\/posts"}],"about":[{"href":"http:\/\/efijaszbereny.hu\/index.php?rest_route=\/wp\/v2\/types\/post"}],"author":[{"embeddable":true,"href":"http:\/\/efijaszbereny.hu\/index.php?rest_route=\/wp\/v2\/users\/1"}],"replies":[{"embeddable":true,"href":"http:\/\/efijaszbereny.hu\/index.php?rest_route=%2Fwp%2Fv2%2Fcomments&post=118"}],"version-history":[{"count":3,"href":"http:\/\/efijaszbereny.hu\/index.php?rest_route=\/wp\/v2\/posts\/118\/revisions"}],"predecessor-version":[{"id":122,"href":"http:\/\/efijaszbereny.hu\/index.php?rest_route=\/wp\/v2\/posts\/118\/revisions\/122"}],"wp:attachment":[{"href":"http:\/\/efijaszbereny.hu\/index.php?rest_route=%2Fwp%2Fv2%2Fmedia&parent=118"}],"wp:term":[{"taxonomy":"category","embeddable":true,"href":"http:\/\/efijaszbereny.hu\/index.php?rest_route=%2Fwp%2Fv2%2Fcategories&post=118"},{"taxonomy":"post_tag","embeddable":true,"href":"http:\/\/efijaszbereny.hu\/index.php?rest_route=%2Fwp%2Fv2%2Ftags&post=118"}],"curies":[{"name":"wp","href":"https:\/\/api.w.org\/{rel}","templated":true}]}}