{"id":1424,"date":"2022-02-20T22:42:33","date_gmt":"2022-02-20T20:42:33","guid":{"rendered":"https:\/\/efijaszbereny.hu\/?p=1424"},"modified":"2022-02-27T22:51:12","modified_gmt":"2022-02-27T20:51:12","slug":"post-1-headline","status":"publish","type":"post","link":"http:\/\/efijaszbereny.hu\/?p=1424","title":{"rendered":"Febru\u00e1r 11. A Betegek Vil\u00e1gnapja"},"content":{"rendered":"<div class=\"kvgmc6g5 cxmmr5t8 oygrvhab hcukyx3x c1et5uql ii04i59q\">\n<div dir=\"auto\" style=\"text-align: justify;\"><span style=\"font-size: 14pt;\">Febru\u00e1r 11. A Betegek Vil\u00e1gnapja<\/span><\/div>\n<div dir=\"auto\"><\/div>\n<\/div>\n<hr \/>\n<div class=\"cxmmr5t8 oygrvhab hcukyx3x c1et5uql o9v6fnle ii04i59q\" style=\"text-align: justify;\">\n<div dir=\"auto\"><span style=\"font-size: 14pt;\">Mindannyian szeretn\u00e9nk hossz\u00fa \u00e9s eg\u00e9szs\u00e9ges \u00e9letet magunknak, e c\u00e9lunk el\u00e9r\u00e9s\u00e9hez pedig \u2013 ha baj van \u2013 jelent\u0151s t\u00e1mogat\u00e1st kapunk az orvosainkt\u00f3l, az \u00e1pol\u00f3inkt\u00f3l, vagy ak\u00e1r a pszichol\u00f3gusainkt\u00f3l, \u00e9s \u00f6sszess\u00e9g\u00e9ben minden olyan embert\u0151l, aki az\u00e9rt kel minden reggel, hogy a mi ment\u00e1lis- \u00e9s fizikai j\u00f3l\u00e9t\u00fcket szolg\u00e1lja. Febru\u00e1r 11-\u00e9n, a Betegek Vil\u00e1gnapj\u00e1n \u0151k \u00e1llnak a figyelem k\u00f6z\u00e9ppontj\u00e1ban (a vil\u00e1gnapot 1993-ban, a n\u00e9hai II. J\u00e1nos P\u00e1l p\u00e1pa kezdem\u00e9nyez\u00e9se h\u00edvta \u00e9letre), amikor is a Katolikus Egyh\u00e1z h\u00e1l\u00e1j\u00e1t \u00e9s elismer\u00e9s\u00e9t fejezi ki mindazok sz\u00e1m\u00e1ra, akik az \u00e9let\u00fcket arra tett\u00e9k fel, hogy a betegekkel, szenved\u0151kkel foglalkozzanak, gy\u00f3gy\u00edrt \u00e9s t\u00e1maszt adjanak sz\u00e1mukra.<\/span><\/div>\n<hr \/>\n<div dir=\"auto\"><span style=\"font-size: 14pt;\">A gy\u00f3gy\u00edt\u00f3 munk\u00e1\u00e9rt mi is h\u00e1l\u00e1sak vagyunk, de tehet\u00fcnk sokkal t\u00f6bbet is, ehhez pedig egy igazi adu\u00e1sz van a kez\u00fcnkben. M\u00e9ghozz\u00e1 az a k\u00e9pess\u00e9g\u00fcnk, hogy fel tudjuk m\u00e9rni az aktu\u00e1lis helyzet\u00fcnket, \u00e9s k\u00e9pesek vagyunk tervezni a j\u00f6v\u0151t, mindez pedig az eg\u00e9szs\u00e9gtudatos \u00e9letm\u00f3d alapj\u00e1t jelenti. Meg is magyar\u00e1zzuk, hogy mi\u00e9rt \u00e1ll\u00edtjuk ezt.<\/span><\/div>\n<div dir=\"auto\"><\/div>\n<hr \/>\n<div dir=\"auto\"><span style=\"font-size: 14pt;\">Az eg\u00e9szs\u00e9g\u00fcnket k\u00fcl\u00f6nb\u00f6z\u0151 m\u00e9rt\u00e9kben ugyan, de sz\u00e1mos t\u00e9nyez\u0151 befoly\u00e1solja, hiszen a t\u00e1rsadalmi \u00e9s szoci\u00e1lis kapcsolataink (24 sz\u00e1zal\u00e9k), a testi adotts\u00e1gaink (22 sz\u00e1zal\u00e9k), az eg\u00e9szs\u00e9g\u00fcgyi ell\u00e1t\u00f3 rendszer (11 sz\u00e1zal\u00e9k), valamint a k\u00f6rnyezeti hat\u00e1sok (7 sz\u00e1zal\u00e9k) mind-mind befoly\u00e1solj\u00e1k az eg\u00e9szs\u00e9gben elt\u00f6lt\u00f6tt \u00e9let\u00e9veink sz\u00e1m\u00e1t, az \u00e9lethosszunkat. (Forr\u00e1s: Eg\u00e9szs\u00e9g elvitelre \u2013 Minden, amit \u00f6nmagad\u00e9rt tehetsz <a class=\"oajrlxb2 g5ia77u1 qu0x051f esr5mh6w e9989ue4 r7d6kgcz rq0escxv nhd2j8a9 nc684nl6 p7hjln8o kvgmc6g5 cxmmr5t8 oygrvhab hcukyx3x jb3vyjys rz4wbd8a qt6c0cv9 a8nywdso i1ao9s8h esuyzwwr f1sip0of lzcic4wl gpro0wi8 py34i1dx\" tabindex=\"0\" role=\"link\" href=\"https:\/\/l.facebook.com\/l.php?u=https%3A%2F%2Fsemmelweis.hu%2Fegeszsegfejlesztes%2Felvitelre%2F%3Ffbclid%3DIwAR0YoO_jbOa8otyudf-2Ne_qYx78S6lK59EKew4v6XfDSEwwgdK-u58bXy0&amp;h=AT1vb8x20E3om8sjXa1oFG8u5Yg4vfmIDMUv8wTQVztaiqhJDfyX32OY8C1Zevb5mOeWrDFQYK_u0CiCxSb_RwpRdEXkJuCKAsJr3nudtqBZuC4v-RQvFL-9u3ibpXQPPanu&amp;__tn__=-UK-R&amp;c[0]=AT3JzkpHB-iA0BWaUYOjdFhKMQPOJdb9KJK0_9hnVc8MF58iwfN0p4k6suxsErXl9JrPKnzVc_hDreN06v_gAUcPp4BPprhGwxDSNSQPAnaMg2Bae8oW40WNKnw_WMX8il5UO1OPDSW7pl90c9AfE4jbIUXlZ31RYfZQy2TaoiaUMVM\" target=\"_blank\" rel=\"nofollow noopener\">https:\/\/semmelweis.hu\/egeszsegfejlesztes\/elvitelre\/<\/a>).<\/span><\/div>\n<div dir=\"auto\"><\/div>\n<hr \/>\n<div dir=\"auto\"><span style=\"font-size: 14pt;\">De m\u00e9gis az a j\u00f3 h\u00edr\u00fcnk van sz\u00e1motokra, hogy nagyobb r\u00e9szt (36 sz\u00e1zal\u00e9kban!) a saj\u00e1t \u00e9letm\u00f3dunk, hozz\u00e1\u00e1ll\u00e1sunk, gondolkod\u00e1sm\u00f3dunk hat\u00e1rozza meg az eg\u00e9szs\u00e9g\u00fcnket. Mindez pedig annyit tesz, hogy komoly befoly\u00e1ssal vagyunk az eg\u00e9szs\u00e9gi \u00e1llapotunkra. A lenti k\u00e9pen azt is l\u00e1thatj\u00e1tok, mit tehet\u00fcnk a mindennapok sor\u00e1n az eg\u00e9szs\u00e9g\u00fcnk\u00e9rt!<\/span><\/div>\n<div dir=\"auto\"><\/div>\n<\/div>\n<hr \/>\n<div class=\"cxmmr5t8 oygrvhab hcukyx3x c1et5uql o9v6fnle ii04i59q\">\n<div dir=\"auto\" style=\"text-align: justify;\"><span style=\"font-size: 14pt;\">Forr\u00e1s: Semmelweis Eg\u00e9szs\u00e9gfejleszt\u00e9si K\u00f6zpont<\/span><\/div>\n<\/div>\n","protected":false},"excerpt":{"rendered":"<p>Sample small text. Lorem ipsum dolor sit amet.<\/p>\n","protected":false},"author":1,"featured_media":1528,"comment_status":"closed","ping_status":"open","sticky":false,"template":"","format":"standard","meta":[],"categories":[1],"tags":[],"_links":{"self":[{"href":"http:\/\/efijaszbereny.hu\/index.php?rest_route=\/wp\/v2\/posts\/1424"}],"collection":[{"href":"http:\/\/efijaszbereny.hu\/index.php?rest_route=\/wp\/v2\/posts"}],"about":[{"href":"http:\/\/efijaszbereny.hu\/index.php?rest_route=\/wp\/v2\/types\/post"}],"author":[{"embeddable":true,"href":"http:\/\/efijaszbereny.hu\/index.php?rest_route=\/wp\/v2\/users\/1"}],"replies":[{"embeddable":true,"href":"http:\/\/efijaszbereny.hu\/index.php?rest_route=%2Fwp%2Fv2%2Fcomments&post=1424"}],"version-history":[{"count":6,"href":"http:\/\/efijaszbereny.hu\/index.php?rest_route=\/wp\/v2\/posts\/1424\/revisions"}],"predecessor-version":[{"id":1603,"href":"http:\/\/efijaszbereny.hu\/index.php?rest_route=\/wp\/v2\/posts\/1424\/revisions\/1603"}],"wp:featuredmedia":[{"embeddable":true,"href":"http:\/\/efijaszbereny.hu\/index.php?rest_route=\/wp\/v2\/media\/1528"}],"wp:attachment":[{"href":"http:\/\/efijaszbereny.hu\/index.php?rest_route=%2Fwp%2Fv2%2Fmedia&parent=1424"}],"wp:term":[{"taxonomy":"category","embeddable":true,"href":"http:\/\/efijaszbereny.hu\/index.php?rest_route=%2Fwp%2Fv2%2Fcategories&post=1424"},{"taxonomy":"post_tag","embeddable":true,"href":"http:\/\/efijaszbereny.hu\/index.php?rest_route=%2Fwp%2Fv2%2Ftags&post=1424"}],"curies":[{"name":"wp","href":"https:\/\/api.w.org\/{rel}","templated":true}]}}