{"id":1430,"date":"2022-02-19T22:42:39","date_gmt":"2022-02-19T20:42:39","guid":{"rendered":"https:\/\/efijaszbereny.hu\/?p=1430"},"modified":"2022-02-27T23:05:50","modified_gmt":"2022-02-27T21:05:50","slug":"post-6","status":"publish","type":"post","link":"http:\/\/efijaszbereny.hu\/?p=1430","title":{"rendered":"\u00c1pol\u00f3k Napja 2022.02.19."},"content":{"rendered":"<p>?<br \/>\n1817. febru\u00e1r 19-\u00e9n sz\u00fcletett udvardi \u00e9s kossuthfalvi Kossuth Zsuzsanna Erzs\u00e9bet Paulina, Kossuth Lajos legfiatalabb h\u00faga.<br \/>\nAki majdan meszl\u00e9nyi Meszl\u00e9nyi Rudolfn\u00e9k\u00e9nt csal\u00e1danya, 3 gyermek \u00e9desanyja volt, aki 3. gyermeke sz\u00fclet\u00e9se el\u0151tt elvesz\u00edtette f\u00e9rj\u00e9t, meg\u00f6zvegy\u00fclt.<\/p>\n<hr \/>\n<p>M\u00e1r fiatal le\u00e1nyk\u00e9nt akt\u00edvan r\u00e9szt vett Kossuth munk\u00e1j\u00e1nak \u00e9s csal\u00e1djuk t\u00e1mogat\u00e1s\u00e1ban. B\u00e1tyja beb\u00f6rt\u00f6nz\u00e9se ut\u00e1n a fiatal Zsuzsann\u00e1ra h\u00e1rult, hogy gondoskodjon id\u0151s sz\u00fcleir\u0151l \u00e9s eltartsa \u0151ket. Kossuth Lajos &#8211; szabadul\u00e1s\u00e1t k\u00f6vet\u0151en &#8211; 1849. \u00e1prilis 16-\u00e1n \u201eaz \u00f6sszes t\u00e1bori k\u00f3rh\u00e1zak f\u0151\u00e1pol\u00f3n\u0151j\u00e9nek&#8221; nevezte ki a h\u00fag\u00e1t.<\/p>\n<hr \/>\n<p>Zsuzsanna akt\u00edvan dolgozott az Orsz\u00e1gos F\u0151\u00e1pol\u00f3i Hivatalt l\u00e9trehoz\u00e1s\u00e1ban, \u00e1ldozatos munk\u00e1val r\u00e9szt vett 1849-ben t\u00f6bb, a korban haszn\u00e1ltn\u00e1l korszer\u0171bb m\u00f3dszereket alkalmaz\u00f3 t\u00e1bori k\u00f3rh\u00e1z megszervez\u00e9s\u00e9ben. Fl\u00f3r Ferenc vezet\u00e9s\u00e9vel az \u00fajj\u00e1 szervezett honv\u00e9ds\u00e9g eg\u00e9szs\u00e9g\u00fcgyi oszt\u00e1ly\u00e1nak kialak\u00edt\u00e1s\u00e1ban oroszl\u00e1nr\u00e9szt v\u00e1llalt, \u00e9s felh\u00edv\u00e1st tett k\u00f6zz\u00e9 felsz\u00f3l\u00edtva n\u0151i honfit\u00e1rsait a szabads\u00e1gharc sebes\u00fcltjeinek \u00f6nk\u00e9ntes \u00e1pol\u00e1s\u00e1ra.<\/p>\n<hr \/>\n<p>F\u00e1radhatatlan volt. Hitvall\u00e1s\u00e1nak tekintette a betegell\u00e1t\u00e1s felt\u00e9teleinek jav\u00edt\u00e1s\u00e1t.<br \/>\nImm\u00e1ron betegen, \u00e1ldozatos munk\u00e1val, t\u00f6retlen lend\u00fclettel a betegek ir\u00e1nti m\u00e9ly egy\u00fctt \u00e9rtess\u00e9l bej\u00e1rva az orsz\u00e1g minden k\u00f3rh\u00e1z\u00e1t seg\u00edts\u00e9get ny\u00fajtott t\u00f6bb, mint 72 t\u00e1bori k\u00f3rh\u00e1z fel\u00e1ll\u00edt\u00e1s\u00e1ban. \u00c9vekkel megel\u0151zte Florence Nightingale angol \u00e1pol\u00f3n\u0151 munk\u00e1ss\u00e1g\u00e1t, hab\u00e1r szer\u00e9ny k\u00f6r\u00fclm\u00e9nyek k\u00f6z\u00f6tt teljes\u00edtette \u00e1pol\u00f3i, k\u00f3rh\u00e1zszervez\u0151i \u00e9s fel\u00fcgyel\u0151i feladat\u00e1t a magyar szabads\u00e1gharc idej\u00e9n.<br \/>\nA vil\u00e1gosi fegyverlet\u00e9tel ut\u00e1n fogs\u00e1gba esett, b\u00edr\u00f3s\u00e1gi elj\u00e1r\u00e1sok sora v\u00e1rt r\u00e1. M\u00e9ltatlan k\u00f6r\u00fclm\u00e9nyek k\u00f6z\u00f6tt gyermekek nevel\u00e9s\u00e9b\u0151l tartotta el csal\u00e1dj\u00e1t, a hat\u00f3s\u00e1gok folyamatos zaklat\u00e1sa k\u00f6zepette. Annak \u00e9rdek\u00e9ben, hogy megnyugv\u00e1st tal\u00e1ljon a tengerent\u00falra k\u00f6lt\u00f6z\u00f6tt. New Yorki \u00e9vek alatt ki\u00fajult \u00e9s s\u00falyosbodott t\u00fcd\u0151baja, melynek k\u00f6vetkezt\u00e9ben nagyon fiatalon, 37 \u00e9ves kor\u00e1ban elhunyt.<\/p>\n<hr \/>\n<p>\u0150 volt a legels\u0151 n\u0151i \u00e1pol\u00f3.<\/p>\n<hr \/>\n<p>Munk\u00e1ss\u00e1ga, \u00e1ldozatos \u00e9s kiemelked\u0151 szervez\u0151k\u00e9ss\u00e9ge, a betegek ir\u00e1nti \u0151szinte empatikus p\u00e9ldamutat\u00f3 magatart\u00e1sa alapk\u00f6ve volt a magyar \u00e1pol\u00e1s fejl\u0151d\u00e9s\u00e9nek.<br \/>\nAz \u00e1pol\u00f3 munk\u00e1ja szent \u00e9s \u00e1ldozatos hivat\u00e1s: s\u00edr\u00f3 gyermek arc\u00e1r\u00f3l k\u00f6nnyeket t\u00f6r\u00f6l, a betegnek megnyugv\u00e1st, a szenved\u0151 l\u00e9leknek seg\u00edt\u0151 b\u00e1tor\u00edt\u00e1st, a haldokl\u00f3nak megk\u00f6nnyebb\u00fcl\u00e9st ny\u00fajt.<\/p>\n<hr \/>\n<p>\u00dcnnepelj\u00fck ezeket a kiv\u00e1l\u00f3 embereket, akik minden szaktud\u00e1sukkal, id\u0151t, energi\u00e1t nem sajn\u00e1lva a betegek gy\u00f3gy\u00edt\u00e1s\u00e1ra, \u00e1pol\u00e1s\u00e1ra tett\u00e9k fel \u00e9let\u00fcket, mely egyben a hitvall\u00e1suk: Salos aegroti suprema lex esto!<\/p>\n<hr \/>\n<p>?\u200d\u2695\ufe0f A J\u00e1szber\u00e9nyi Szent Erzs\u00e9bet K\u00f3rh\u00e1z vezet\u00e9se ez \u00faton is megk\u00f6sz\u00f6ni Koll\u00e9g\u00e1inak, a k\u00f3rh\u00e1z dolgoz\u00f3inak, a magyar eg\u00e9szs\u00e9g\u00fcgyben dolgoz\u00f3k &#8211; akik a pand\u00e9mia idej\u00e9n is megk\u00fczdenek az el\u00e9j\u00fck ker\u00fcl\u0151 akad\u00e1lyokkal &#8211; kiemelked\u0151, \u00e1ldozatos, er\u0151t nem k\u00edm\u00e9l\u0151 munk\u00e1jukat! ?<br \/>\nIsten \u00c1ldja meg \u00d6n\u00f6ket! \u2764\ufe0f?\u2764\ufe0f<\/p>\n<hr \/>\n<p>A Magyar \u00c1pol\u00e1si Egyes\u00fclet kezdem\u00e9nyez\u00e9s\u00e9re 2014 \u00f3ta febru\u00e1r 19. hivatalosan is a Magyar \u00c1pol\u00f3k Napja!<\/p>\n<hr \/>\n","protected":false},"excerpt":{"rendered":"<p>? 1817. febru\u00e1r 19-\u00e9n sz\u00fcletett udvardi \u00e9s kossuthfalvi Kossuth Zsuzsanna Erzs\u00e9bet Paulina, Kossuth Lajos legfiatalabb h\u00faga. Aki majdan meszl\u00e9nyi Meszl\u00e9nyi Rudolfn\u00e9k\u00e9nt csal\u00e1danya, 3 gyermek \u00e9desanyja volt, aki 3. gyermeke sz\u00fclet\u00e9se el\u0151tt elvesz\u00edtette f\u00e9rj\u00e9t, meg\u00f6zvegy\u00fclt. M\u00e1r fiatal le\u00e1nyk\u00e9nt akt\u00edvan r\u00e9szt vett Kossuth munk\u00e1j\u00e1nak \u00e9s csal\u00e1djuk t\u00e1mogat\u00e1s\u00e1ban. B\u00e1tyja beb\u00f6rt\u00f6nz\u00e9se ut\u00e1n a fiatal Zsuzsann\u00e1ra h\u00e1rult, hogy gondoskodjon id\u0151s &hellip; <a href=\"http:\/\/efijaszbereny.hu\/?p=1430\" class=\"more-link\">Continue reading<span class=\"screen-reader-text\"> &#8222;\u00c1pol\u00f3k Napja 2022.02.19.&#8221;<\/span><\/a><\/p>\n","protected":false},"author":1,"featured_media":1566,"comment_status":"closed","ping_status":"open","sticky":false,"template":"","format":"quote","meta":[],"categories":[1],"tags":[],"_links":{"self":[{"href":"http:\/\/efijaszbereny.hu\/index.php?rest_route=\/wp\/v2\/posts\/1430"}],"collection":[{"href":"http:\/\/efijaszbereny.hu\/index.php?rest_route=\/wp\/v2\/posts"}],"about":[{"href":"http:\/\/efijaszbereny.hu\/index.php?rest_route=\/wp\/v2\/types\/post"}],"author":[{"embeddable":true,"href":"http:\/\/efijaszbereny.hu\/index.php?rest_route=\/wp\/v2\/users\/1"}],"replies":[{"embeddable":true,"href":"http:\/\/efijaszbereny.hu\/index.php?rest_route=%2Fwp%2Fv2%2Fcomments&post=1430"}],"version-history":[{"count":6,"href":"http:\/\/efijaszbereny.hu\/index.php?rest_route=\/wp\/v2\/posts\/1430\/revisions"}],"predecessor-version":[{"id":1569,"href":"http:\/\/efijaszbereny.hu\/index.php?rest_route=\/wp\/v2\/posts\/1430\/revisions\/1569"}],"wp:featuredmedia":[{"embeddable":true,"href":"http:\/\/efijaszbereny.hu\/index.php?rest_route=\/wp\/v2\/media\/1566"}],"wp:attachment":[{"href":"http:\/\/efijaszbereny.hu\/index.php?rest_route=%2Fwp%2Fv2%2Fmedia&parent=1430"}],"wp:term":[{"taxonomy":"category","embeddable":true,"href":"http:\/\/efijaszbereny.hu\/index.php?rest_route=%2Fwp%2Fv2%2Fcategories&post=1430"},{"taxonomy":"post_tag","embeddable":true,"href":"http:\/\/efijaszbereny.hu\/index.php?rest_route=%2Fwp%2Fv2%2Ftags&post=1430"}],"curies":[{"name":"wp","href":"https:\/\/api.w.org\/{rel}","templated":true}]}}