{"id":1677,"date":"2022-03-07T13:00:12","date_gmt":"2022-03-07T11:00:12","guid":{"rendered":"http:\/\/efijaszbereny.hu\/?p=1677"},"modified":"2022-03-15T18:02:04","modified_gmt":"2022-03-15T16:02:04","slug":"te-megallsz-segiteni","status":"publish","type":"post","link":"http:\/\/efijaszbereny.hu\/?p=1677","title":{"rendered":"Te meg\u00e1llsz seg\u00edteni?"},"content":{"rendered":"<p>&nbsp;<\/p>\n<p style=\"text-align: center;\"><a href=\"http:\/\/efijaszbereny.hu\/wp-content\/uploads\/275171086_2973227892942042_3059811518024619806_n.jpg\"><img loading=\"lazy\" class=\"alignnone wp-image-1678\" src=\"http:\/\/efijaszbereny.hu\/wp-content\/uploads\/275171086_2973227892942042_3059811518024619806_n-212x300.jpg\" alt=\"\" width=\"213\" height=\"301\" srcset=\"http:\/\/efijaszbereny.hu\/wp-content\/uploads\/275171086_2973227892942042_3059811518024619806_n-212x300.jpg 212w, http:\/\/efijaszbereny.hu\/wp-content\/uploads\/275171086_2973227892942042_3059811518024619806_n-724x1024.jpg 724w, http:\/\/efijaszbereny.hu\/wp-content\/uploads\/275171086_2973227892942042_3059811518024619806_n-768x1086.jpg 768w, http:\/\/efijaszbereny.hu\/wp-content\/uploads\/275171086_2973227892942042_3059811518024619806_n-1086x1536.jpg 1086w, http:\/\/efijaszbereny.hu\/wp-content\/uploads\/275171086_2973227892942042_3059811518024619806_n-1200x1697.jpg 1200w, http:\/\/efijaszbereny.hu\/wp-content\/uploads\/275171086_2973227892942042_3059811518024619806_n.jpg 1448w\" sizes=\"(max-width: 213px) 85vw, 213px\" \/><\/a><\/p>\n<p>&nbsp;<\/p>\n<p>&nbsp;<\/p>\n<p><strong>Te meg\u00e1llsz seg\u00edteni?<\/strong><\/p>\n<hr \/>\n<p>A legt\u00f6bb ember, ha egy magatehetetlen szem\u00e9lyt l\u00e1t az utc\u00e1n\/\u00fatsz\u00e9len\/padon fek\u00fcdni, mik\u00f6zben s\u00e9r\u00fcl\u00e9s nyomait nem veszi \u00e9szre rajta, hajlamos egyb\u0151l arra gondolni, hogy nem szorul seg\u00edts\u00e9gre (pl. ,,csak sokat ivott\u201d), esetleg \u00e9letvitelszer\u0171en tart\u00f3zkodik ott (mert hajl\u00e9ktalan), ez\u00e9rt automatikusan elker\u00fcli, ahelyett, hogy \u00e1tgondoln\u00e1, mit tehet \u00e9rte.<\/p>\n<hr \/>\n<p>\u00c1llj meg egy pillanatra! A felsz\u00ednes \u00edt\u00e9lkez\u00e9s, a feszeng\u0151 f\u00e9lren\u00e9z\u00e9s ak\u00e1r ember\u00e9letekbe is ker\u00fclhet. Mi van akkor, ha bajban van? Ha el\u00e1jult, elesett vagy \u00e9ppen s\u00falyosabb, k\u00edv\u00fclr\u0151l nem l\u00e1that\u00f3 probl\u00e9m\u00e1ja van? Tudtad, hogy az eszm\u00e9letveszt\u00e9st p\u00e9ld\u00e1ul cukorbetegs\u00e9g \u00e9s stroke is okozhatja?<\/p>\n<hr \/>\n<p>Soha ne menj tov\u00e1bb t\u00e9tlen\u00fcl, ne mulaszd el a seg\u00edts\u00e9gny\u00fajt\u00e1st!<\/p>\n<hr \/>\n<p>Forr\u00e1s: Semmelweis Eg\u00e9szs\u00e9gfejleszt\u00e9si K\u00f6zpont<\/p>\n<hr \/>\n","protected":false},"excerpt":{"rendered":"<p>&nbsp; &nbsp; &nbsp; Te meg\u00e1llsz seg\u00edteni? A legt\u00f6bb ember, ha egy magatehetetlen szem\u00e9lyt l\u00e1t az utc\u00e1n\/\u00fatsz\u00e9len\/padon fek\u00fcdni, mik\u00f6zben s\u00e9r\u00fcl\u00e9s nyomait nem veszi \u00e9szre rajta, hajlamos egyb\u0151l arra gondolni, hogy nem szorul seg\u00edts\u00e9gre (pl. ,,csak sokat ivott\u201d), esetleg \u00e9letvitelszer\u0171en tart\u00f3zkodik ott (mert hajl\u00e9ktalan), ez\u00e9rt automatikusan elker\u00fcli, ahelyett, hogy \u00e1tgondoln\u00e1, mit tehet \u00e9rte. \u00c1llj meg egy pillanatra! &hellip; <a href=\"http:\/\/efijaszbereny.hu\/?p=1677\" class=\"more-link\">Continue reading<span class=\"screen-reader-text\"> &#8222;Te meg\u00e1llsz seg\u00edteni?&#8221;<\/span><\/a><\/p>\n","protected":false},"author":1,"featured_media":0,"comment_status":"closed","ping_status":"open","sticky":false,"template":"","format":"standard","meta":[],"categories":[1],"tags":[],"_links":{"self":[{"href":"http:\/\/efijaszbereny.hu\/index.php?rest_route=\/wp\/v2\/posts\/1677"}],"collection":[{"href":"http:\/\/efijaszbereny.hu\/index.php?rest_route=\/wp\/v2\/posts"}],"about":[{"href":"http:\/\/efijaszbereny.hu\/index.php?rest_route=\/wp\/v2\/types\/post"}],"author":[{"embeddable":true,"href":"http:\/\/efijaszbereny.hu\/index.php?rest_route=\/wp\/v2\/users\/1"}],"replies":[{"embeddable":true,"href":"http:\/\/efijaszbereny.hu\/index.php?rest_route=%2Fwp%2Fv2%2Fcomments&post=1677"}],"version-history":[{"count":8,"href":"http:\/\/efijaszbereny.hu\/index.php?rest_route=\/wp\/v2\/posts\/1677\/revisions"}],"predecessor-version":[{"id":1688,"href":"http:\/\/efijaszbereny.hu\/index.php?rest_route=\/wp\/v2\/posts\/1677\/revisions\/1688"}],"wp:attachment":[{"href":"http:\/\/efijaszbereny.hu\/index.php?rest_route=%2Fwp%2Fv2%2Fmedia&parent=1677"}],"wp:term":[{"taxonomy":"category","embeddable":true,"href":"http:\/\/efijaszbereny.hu\/index.php?rest_route=%2Fwp%2Fv2%2Fcategories&post=1677"},{"taxonomy":"post_tag","embeddable":true,"href":"http:\/\/efijaszbereny.hu\/index.php?rest_route=%2Fwp%2Fv2%2Ftags&post=1677"}],"curies":[{"name":"wp","href":"https:\/\/api.w.org\/{rel}","templated":true}]}}