{"id":1864,"date":"2022-08-01T19:51:28","date_gmt":"2022-08-01T17:51:28","guid":{"rendered":"https:\/\/efijaszbereny.hu\/?p=1864"},"modified":"2023-07-30T19:52:35","modified_gmt":"2023-07-30T17:52:35","slug":"i-jaszsagi-anyatej-vilagnapi-rendezveny-jaszberenyben","status":"publish","type":"post","link":"http:\/\/efijaszbereny.hu\/?p=1864","title":{"rendered":"I. J\u00c1SZS\u00c1GI ANYATEJ VIL\u00c1GNAPI RENDEZV\u00c9NY J\u00c1SZBER\u00c9NYBEN"},"content":{"rendered":"<p style=\"text-align: center;\"><iframe loading=\"lazy\" title=\"I. J\u00c1SZS\u00c1GI ANYATEJ VIL\u00c1GNAPI RENDEZV\u00c9NY J\u00c1SZBER\u00c9NYBEN\" src=\"\/\/www.youtube.com\/embed\/rGujm3u7fXk\" width=\"765\" height=\"430\" frameborder=\"0\" allowfullscreen=\"allowfullscreen\"><\/iframe><\/p>\n<p>&nbsp;<\/p>\n<p>Az anyatej vil\u00e1gnapja aprop\u00f3j\u00e1n el\u0151sz\u00f6r szerveztek \u00fcnnepi rendezv\u00e9nyt a J\u00e1szber\u00e9nyi Szent Erzs\u00e9bet K\u00f3rh\u00e1zban. A program augusztus 2-\u00e1n az eg\u00e9szs\u00e9g\u00fcgyi int\u00e9zm\u00e9ny, a megyei kollegi\u00e1lis mentor v\u00e9d\u0151n\u0151, a j\u00e1szs\u00e1gi v\u00e9d\u0151n\u0151k \u00e9s a J\u00e1szber\u00e9nyi Eg\u00e9szs\u00e9gfejleszt\u00e9si Iroda k\u00f6zrem\u0171k\u00f6d\u00e9s\u00e9vel j\u00f6tt l\u00e9tre. A szervez\u0151k legfontosabb c\u00e9lja volt, hogy kiemelj\u00e9k a csecsem\u0151k ide\u00e1lis \u00e9s biztons\u00e1gos t\u00e1pl\u00e1l\u00e1s\u00e1nak fontoss\u00e1g\u00e1t \u00e9s n\u00e9pszer\u0171s\u00edts\u00e9k az anyatejes t\u00e1pl\u00e1l\u00e1st.<\/p>\n","protected":false},"excerpt":{"rendered":"<p>&nbsp; Az anyatej vil\u00e1gnapja aprop\u00f3j\u00e1n el\u0151sz\u00f6r szerveztek \u00fcnnepi rendezv\u00e9nyt a J\u00e1szber\u00e9nyi Szent Erzs\u00e9bet K\u00f3rh\u00e1zban. A program augusztus 2-\u00e1n az eg\u00e9szs\u00e9g\u00fcgyi int\u00e9zm\u00e9ny, a megyei kollegi\u00e1lis mentor v\u00e9d\u0151n\u0151, a j\u00e1szs\u00e1gi v\u00e9d\u0151n\u0151k \u00e9s a J\u00e1szber\u00e9nyi Eg\u00e9szs\u00e9gfejleszt\u00e9si Iroda k\u00f6zrem\u0171k\u00f6d\u00e9s\u00e9vel j\u00f6tt l\u00e9tre. A szervez\u0151k legfontosabb c\u00e9lja volt, hogy kiemelj\u00e9k a csecsem\u0151k ide\u00e1lis \u00e9s biztons\u00e1gos t\u00e1pl\u00e1l\u00e1s\u00e1nak fontoss\u00e1g\u00e1t \u00e9s n\u00e9pszer\u0171s\u00edts\u00e9k az anyatejes &hellip; <a href=\"http:\/\/efijaszbereny.hu\/?p=1864\" class=\"more-link\">Continue reading<span class=\"screen-reader-text\"> &#8222;I. J\u00c1SZS\u00c1GI ANYATEJ VIL\u00c1GNAPI RENDEZV\u00c9NY J\u00c1SZBER\u00c9NYBEN&#8221;<\/span><\/a><\/p>\n","protected":false},"author":1,"featured_media":1858,"comment_status":"closed","ping_status":"open","sticky":false,"template":"","format":"standard","meta":[],"categories":[1],"tags":[],"_links":{"self":[{"href":"http:\/\/efijaszbereny.hu\/index.php?rest_route=\/wp\/v2\/posts\/1864"}],"collection":[{"href":"http:\/\/efijaszbereny.hu\/index.php?rest_route=\/wp\/v2\/posts"}],"about":[{"href":"http:\/\/efijaszbereny.hu\/index.php?rest_route=\/wp\/v2\/types\/post"}],"author":[{"embeddable":true,"href":"http:\/\/efijaszbereny.hu\/index.php?rest_route=\/wp\/v2\/users\/1"}],"replies":[{"embeddable":true,"href":"http:\/\/efijaszbereny.hu\/index.php?rest_route=%2Fwp%2Fv2%2Fcomments&post=1864"}],"version-history":[{"count":1,"href":"http:\/\/efijaszbereny.hu\/index.php?rest_route=\/wp\/v2\/posts\/1864\/revisions"}],"predecessor-version":[{"id":1865,"href":"http:\/\/efijaszbereny.hu\/index.php?rest_route=\/wp\/v2\/posts\/1864\/revisions\/1865"}],"wp:featuredmedia":[{"embeddable":true,"href":"http:\/\/efijaszbereny.hu\/index.php?rest_route=\/wp\/v2\/media\/1858"}],"wp:attachment":[{"href":"http:\/\/efijaszbereny.hu\/index.php?rest_route=%2Fwp%2Fv2%2Fmedia&parent=1864"}],"wp:term":[{"taxonomy":"category","embeddable":true,"href":"http:\/\/efijaszbereny.hu\/index.php?rest_route=%2Fwp%2Fv2%2Fcategories&post=1864"},{"taxonomy":"post_tag","embeddable":true,"href":"http:\/\/efijaszbereny.hu\/index.php?rest_route=%2Fwp%2Fv2%2Ftags&post=1864"}],"curies":[{"name":"wp","href":"https:\/\/api.w.org\/{rel}","templated":true}]}}