{"id":1870,"date":"2023-04-18T19:59:56","date_gmt":"2023-04-18T17:59:56","guid":{"rendered":"https:\/\/efijaszbereny.hu\/?p=1870"},"modified":"2023-07-30T20:00:12","modified_gmt":"2023-07-30T18:00:12","slug":"a-fej-nyak-daganatokrol-az-efi-iroda-aprilisi-foglalkozasan","status":"publish","type":"post","link":"http:\/\/efijaszbereny.hu\/?p=1870","title":{"rendered":"A FEJ-NYAK DAGANATOKR\u00d3L AZ EFI IRODA \u00c1PRILISI FOGLALKOZ\u00c1S\u00c1N"},"content":{"rendered":"<p style=\"text-align: center;\"><iframe loading=\"lazy\" title=\"A FEJ-NYAK DAGANATOKR\u00d3L AZ EFI IRODA \u00c1PRILISI FOGLALKOZ\u00c1S\u00c1N\" src=\"\/\/www.youtube.com\/embed\/HbH35t4Iy3U\" width=\"765\" height=\"430\" frameborder=\"0\" allowfullscreen=\"allowfullscreen\"><\/iframe><\/p>\n<p>&nbsp;<\/p>\n<p>A J\u00e1szber\u00e9nyi Szent Erzs\u00e9bet K\u00f3rh\u00e1z \u00e9s az Eg\u00e9szs\u00e9gfejleszt\u00e9si Iroda t\u00e1mogat\u00f3 c\u00e9llal klubfoglalkoz\u00e1sokat tart eg\u00e9sz \u00e9vben. Id\u00e9n a J\u00e1szs\u00e1gi Daganatos Betegek Klubj\u00e1nak 5. foglalkoz\u00e1s\u00e1n Dr. Besenyi Orsolya Orvosigazgat\u00f3 tartott el\u0151ad\u00e1st a fej-nyak daganatokr\u00f3l.<\/p>\n","protected":false},"excerpt":{"rendered":"<p>&nbsp; A J\u00e1szber\u00e9nyi Szent Erzs\u00e9bet K\u00f3rh\u00e1z \u00e9s az Eg\u00e9szs\u00e9gfejleszt\u00e9si Iroda t\u00e1mogat\u00f3 c\u00e9llal klubfoglalkoz\u00e1sokat tart eg\u00e9sz \u00e9vben. Id\u00e9n a J\u00e1szs\u00e1gi Daganatos Betegek Klubj\u00e1nak 5. foglalkoz\u00e1s\u00e1n Dr. Besenyi Orsolya Orvosigazgat\u00f3 tartott el\u0151ad\u00e1st a fej-nyak daganatokr\u00f3l.<\/p>\n","protected":false},"author":1,"featured_media":1849,"comment_status":"closed","ping_status":"open","sticky":false,"template":"","format":"standard","meta":[],"categories":[1],"tags":[],"_links":{"self":[{"href":"http:\/\/efijaszbereny.hu\/index.php?rest_route=\/wp\/v2\/posts\/1870"}],"collection":[{"href":"http:\/\/efijaszbereny.hu\/index.php?rest_route=\/wp\/v2\/posts"}],"about":[{"href":"http:\/\/efijaszbereny.hu\/index.php?rest_route=\/wp\/v2\/types\/post"}],"author":[{"embeddable":true,"href":"http:\/\/efijaszbereny.hu\/index.php?rest_route=\/wp\/v2\/users\/1"}],"replies":[{"embeddable":true,"href":"http:\/\/efijaszbereny.hu\/index.php?rest_route=%2Fwp%2Fv2%2Fcomments&post=1870"}],"version-history":[{"count":1,"href":"http:\/\/efijaszbereny.hu\/index.php?rest_route=\/wp\/v2\/posts\/1870\/revisions"}],"predecessor-version":[{"id":1871,"href":"http:\/\/efijaszbereny.hu\/index.php?rest_route=\/wp\/v2\/posts\/1870\/revisions\/1871"}],"wp:featuredmedia":[{"embeddable":true,"href":"http:\/\/efijaszbereny.hu\/index.php?rest_route=\/wp\/v2\/media\/1849"}],"wp:attachment":[{"href":"http:\/\/efijaszbereny.hu\/index.php?rest_route=%2Fwp%2Fv2%2Fmedia&parent=1870"}],"wp:term":[{"taxonomy":"category","embeddable":true,"href":"http:\/\/efijaszbereny.hu\/index.php?rest_route=%2Fwp%2Fv2%2Fcategories&post=1870"},{"taxonomy":"post_tag","embeddable":true,"href":"http:\/\/efijaszbereny.hu\/index.php?rest_route=%2Fwp%2Fv2%2Ftags&post=1870"}],"curies":[{"name":"wp","href":"https:\/\/api.w.org\/{rel}","templated":true}]}}