{"id":1874,"date":"2023-03-25T20:08:33","date_gmt":"2023-03-25T18:08:33","guid":{"rendered":"https:\/\/efijaszbereny.hu\/?p=1874"},"modified":"2023-07-30T20:08:54","modified_gmt":"2023-07-30T18:08:54","slug":"testi-lelki-egeszsegukert-setaltak-a-jaszberenyi-gyaloglo-klub-tagjai","status":"publish","type":"post","link":"http:\/\/efijaszbereny.hu\/?p=1874","title":{"rendered":"Testi, lelki eg\u00e9szs\u00e9g\u00fck\u00e9rt s\u00e9t\u00e1ltak a j\u00e1szber\u00e9nyi gyalogl\u00f3 klub tagjai"},"content":{"rendered":"<p style=\"text-align: center;\"><a href=\"http:\/\/efijaszbereny.hu\/wp-content\/uploads\/7e84be16ee574194bffbda0f4d56ba41.jpg\"><img loading=\"lazy\" class=\"alignnone wp-image-1851\" src=\"http:\/\/efijaszbereny.hu\/wp-content\/uploads\/7e84be16ee574194bffbda0f4d56ba41.jpg\" alt=\"\" width=\"565\" height=\"318\" srcset=\"http:\/\/efijaszbereny.hu\/wp-content\/uploads\/7e84be16ee574194bffbda0f4d56ba41.jpg 850w, http:\/\/efijaszbereny.hu\/wp-content\/uploads\/7e84be16ee574194bffbda0f4d56ba41-300x169.jpg 300w, http:\/\/efijaszbereny.hu\/wp-content\/uploads\/7e84be16ee574194bffbda0f4d56ba41-768x432.jpg 768w\" sizes=\"(max-width: 565px) 85vw, 565px\" \/><\/a><\/p>\n<p>&nbsp;<\/p>\n<div class=\"block-content\">\n<p><span style=\"font-size: 14pt;\">A J\u00e1szber\u00e9nyi Eg\u00e9szs\u00e9gfejleszt\u00e9si Iroda szervez\u00e9s\u00e9ben megalakult a \u201eJ\u00e1szber\u00e9nyi \u00daT-on l\u00e9v\u0151k\u201d Gyalogl\u00f3 Klubja, mely az akt\u00edvabb, id\u0151sebb koroszt\u00e1ly eg\u00e9szs\u00e9gtudatosabb \u00e9letm\u00f3dj\u00e1t fejleszti.\u00a0<\/span><\/p>\n<p><span style=\"font-size: 14pt;\">A k\u00f6z\u00f6ss\u00e9g tagjai m\u00e1rcius 22-\u00e9n az Ibusz Iroda el\u0151tt gy\u00fclekeztek, ahonnan a sz\u00e9p tavaszi, naps\u00fct\u00e9ses id\u0151ben egy\u00fctt s\u00e9t\u00e1ltak ki a Margit-szigetre. T\u00edzperces bemeleg\u00edt\u00e9st k\u00f6vet\u0151en az intenz\u00edven gyalogl\u00f3k 3-5 kilom\u00e9teres t\u00e1vra indultak, a k\u00f6nnyebb s\u00e9t\u00e1t kedvel\u0151k pedig a v\u00e1rosi z\u00f6ld \u00f6vezetet fedezhett\u00e9k fel s\u00e9ta k\u00f6zben. A program a testi, lelki eg\u00e9szs\u00e9gre is pozit\u00edv hat\u00e1ssal van.\u00a0<\/span><\/p>\n<p><span style=\"font-size: 14pt;\">A gyalogl\u00f3 klubhoz csatlakoz\u00f3k minden szerd\u00e1n 14 \u00f3r\u00e1t\u00f3l indulnak \u00fatnak.<\/span><\/p>\n<\/div>\n<div class=\"clearfix\"><\/div>\n","protected":false},"excerpt":{"rendered":"<p>&nbsp; A J\u00e1szber\u00e9nyi Eg\u00e9szs\u00e9gfejleszt\u00e9si Iroda szervez\u00e9s\u00e9ben megalakult a \u201eJ\u00e1szber\u00e9nyi \u00daT-on l\u00e9v\u0151k\u201d Gyalogl\u00f3 Klubja, mely az akt\u00edvabb, id\u0151sebb koroszt\u00e1ly eg\u00e9szs\u00e9gtudatosabb \u00e9letm\u00f3dj\u00e1t fejleszti.\u00a0 A k\u00f6z\u00f6ss\u00e9g tagjai m\u00e1rcius 22-\u00e9n az Ibusz Iroda el\u0151tt gy\u00fclekeztek, ahonnan a sz\u00e9p tavaszi, naps\u00fct\u00e9ses id\u0151ben egy\u00fctt s\u00e9t\u00e1ltak ki a Margit-szigetre. T\u00edzperces bemeleg\u00edt\u00e9st k\u00f6vet\u0151en az intenz\u00edven gyalogl\u00f3k 3-5 kilom\u00e9teres t\u00e1vra indultak, a k\u00f6nnyebb s\u00e9t\u00e1t &hellip; <a href=\"http:\/\/efijaszbereny.hu\/?p=1874\" class=\"more-link\">Continue reading<span class=\"screen-reader-text\"> &#8222;Testi, lelki eg\u00e9szs\u00e9g\u00fck\u00e9rt s\u00e9t\u00e1ltak a j\u00e1szber\u00e9nyi gyalogl\u00f3 klub tagjai&#8221;<\/span><\/a><\/p>\n","protected":false},"author":1,"featured_media":1851,"comment_status":"closed","ping_status":"open","sticky":false,"template":"","format":"standard","meta":[],"categories":[1],"tags":[],"_links":{"self":[{"href":"http:\/\/efijaszbereny.hu\/index.php?rest_route=\/wp\/v2\/posts\/1874"}],"collection":[{"href":"http:\/\/efijaszbereny.hu\/index.php?rest_route=\/wp\/v2\/posts"}],"about":[{"href":"http:\/\/efijaszbereny.hu\/index.php?rest_route=\/wp\/v2\/types\/post"}],"author":[{"embeddable":true,"href":"http:\/\/efijaszbereny.hu\/index.php?rest_route=\/wp\/v2\/users\/1"}],"replies":[{"embeddable":true,"href":"http:\/\/efijaszbereny.hu\/index.php?rest_route=%2Fwp%2Fv2%2Fcomments&post=1874"}],"version-history":[{"count":1,"href":"http:\/\/efijaszbereny.hu\/index.php?rest_route=\/wp\/v2\/posts\/1874\/revisions"}],"predecessor-version":[{"id":1875,"href":"http:\/\/efijaszbereny.hu\/index.php?rest_route=\/wp\/v2\/posts\/1874\/revisions\/1875"}],"wp:featuredmedia":[{"embeddable":true,"href":"http:\/\/efijaszbereny.hu\/index.php?rest_route=\/wp\/v2\/media\/1851"}],"wp:attachment":[{"href":"http:\/\/efijaszbereny.hu\/index.php?rest_route=%2Fwp%2Fv2%2Fmedia&parent=1874"}],"wp:term":[{"taxonomy":"category","embeddable":true,"href":"http:\/\/efijaszbereny.hu\/index.php?rest_route=%2Fwp%2Fv2%2Fcategories&post=1874"},{"taxonomy":"post_tag","embeddable":true,"href":"http:\/\/efijaszbereny.hu\/index.php?rest_route=%2Fwp%2Fv2%2Ftags&post=1874"}],"curies":[{"name":"wp","href":"https:\/\/api.w.org\/{rel}","templated":true}]}}