{"id":1887,"date":"2023-09-14T23:30:18","date_gmt":"2023-09-14T21:30:18","guid":{"rendered":"https:\/\/efijaszbereny.hu\/?p=1887"},"modified":"2023-09-14T23:34:08","modified_gmt":"2023-09-14T21:34:08","slug":"alzheimer-cafe-programsorozatba","status":"publish","type":"post","link":"http:\/\/efijaszbereny.hu\/?p=1887","title":{"rendered":"Alzheimer Caf\u00e9 programsorozatba"},"content":{"rendered":"<p><a href=\"http:\/\/efijaszbereny.hu\/wp-content\/uploads\/378595712_7008952159137698_6746655638997409002_n.jpg\"><img loading=\"lazy\" class=\"aligncenter wp-image-1888\" src=\"http:\/\/efijaszbereny.hu\/wp-content\/uploads\/378595712_7008952159137698_6746655638997409002_n.jpg\" alt=\"\" width=\"580\" height=\"435\" srcset=\"http:\/\/efijaszbereny.hu\/wp-content\/uploads\/378595712_7008952159137698_6746655638997409002_n.jpg 960w, http:\/\/efijaszbereny.hu\/wp-content\/uploads\/378595712_7008952159137698_6746655638997409002_n-300x225.jpg 300w, http:\/\/efijaszbereny.hu\/wp-content\/uploads\/378595712_7008952159137698_6746655638997409002_n-768x576.jpg 768w\" sizes=\"(max-width: 580px) 85vw, 580px\" \/><\/a><\/p>\n<p>&nbsp;<\/p>\n<p style=\"text-align: center;\"><span style=\"font-size: 14pt;\">Nagy \u00f6r\u00f6mmel kapcsol\u00f3dtunk be az Eg\u00e9szs\u00e9g Fejleszt\u00e9si Iroda munkat\u00e1rsaival a Szent Ferenc Otthon \u00e1ltal elind\u00edtott Alzheimer Caf\u00e9 programsorozatba. Megtisztel\u0151 volt a v\u00e1rosvezet\u00e9s akt\u00edv, t\u00e1mogat\u00f3 r\u00e9sztv\u00e9tele \u00e9s a komoly lak\u00f3ss\u00e1gi \u00e9s szakmai \u00e9rdekl\u0151d\u00e9s. A t\u00e9ma fontoss\u00e1ga miatt arra buzd\u00edtunk mindenkit, hogy ki ki szabad ideje m\u00e9rt\u00e9k\u00e9ben kapcsol\u00f3djon be a programsorozatba. Besz\u00e9lj\u00fcnk r\u00f3la, seg\u00edts\u00fck egym\u00e1st a biztons\u00e1gos id\u0151s ell\u00e1t\u00e1s \u00e9rdek\u00e9ben!<\/span><\/p>\n<p>&nbsp;<\/p>\n<p style=\"text-align: center;\"><a href=\"http:\/\/efijaszbereny.hu\/wp-content\/uploads\/378689227_7008952262471021_5934804126009589843_n.jpg\"><img loading=\"lazy\" class=\"alignnone wp-image-1890\" src=\"http:\/\/efijaszbereny.hu\/wp-content\/uploads\/378689227_7008952262471021_5934804126009589843_n.jpg\" alt=\"\" width=\"580\" height=\"435\" srcset=\"http:\/\/efijaszbereny.hu\/wp-content\/uploads\/378689227_7008952262471021_5934804126009589843_n.jpg 960w, http:\/\/efijaszbereny.hu\/wp-content\/uploads\/378689227_7008952262471021_5934804126009589843_n-300x225.jpg 300w, http:\/\/efijaszbereny.hu\/wp-content\/uploads\/378689227_7008952262471021_5934804126009589843_n-768x576.jpg 768w\" sizes=\"(max-width: 580px) 85vw, 580px\" \/><\/a><\/p>\n<p style=\"text-align: center;\"><a href=\"http:\/\/efijaszbereny.hu\/wp-content\/uploads\/378668212_7008952379137676_5606170604726630340_n.jpg\"><img loading=\"lazy\" class=\"alignnone wp-image-1889\" src=\"http:\/\/efijaszbereny.hu\/wp-content\/uploads\/378668212_7008952379137676_5606170604726630340_n.jpg\" alt=\"\" width=\"580\" height=\"435\" srcset=\"http:\/\/efijaszbereny.hu\/wp-content\/uploads\/378668212_7008952379137676_5606170604726630340_n.jpg 960w, http:\/\/efijaszbereny.hu\/wp-content\/uploads\/378668212_7008952379137676_5606170604726630340_n-300x225.jpg 300w, http:\/\/efijaszbereny.hu\/wp-content\/uploads\/378668212_7008952379137676_5606170604726630340_n-768x576.jpg 768w\" sizes=\"(max-width: 580px) 85vw, 580px\" \/><\/a><\/p>\n","protected":false},"excerpt":{"rendered":"<p>&nbsp; Nagy \u00f6r\u00f6mmel kapcsol\u00f3dtunk be az Eg\u00e9szs\u00e9g Fejleszt\u00e9si Iroda munkat\u00e1rsaival a Szent Ferenc Otthon \u00e1ltal elind\u00edtott Alzheimer Caf\u00e9 programsorozatba. Megtisztel\u0151 volt a v\u00e1rosvezet\u00e9s akt\u00edv, t\u00e1mogat\u00f3 r\u00e9sztv\u00e9tele \u00e9s a komoly lak\u00f3ss\u00e1gi \u00e9s szakmai \u00e9rdekl\u0151d\u00e9s. A t\u00e9ma fontoss\u00e1ga miatt arra buzd\u00edtunk mindenkit, hogy ki ki szabad ideje m\u00e9rt\u00e9k\u00e9ben kapcsol\u00f3djon be a programsorozatba. Besz\u00e9lj\u00fcnk r\u00f3la, seg\u00edts\u00fck egym\u00e1st a &hellip; <a href=\"http:\/\/efijaszbereny.hu\/?p=1887\" class=\"more-link\">Continue reading<span class=\"screen-reader-text\"> &#8222;Alzheimer Caf\u00e9 programsorozatba&#8221;<\/span><\/a><\/p>\n","protected":false},"author":1,"featured_media":0,"comment_status":"closed","ping_status":"open","sticky":false,"template":"","format":"standard","meta":[],"categories":[1],"tags":[],"_links":{"self":[{"href":"http:\/\/efijaszbereny.hu\/index.php?rest_route=\/wp\/v2\/posts\/1887"}],"collection":[{"href":"http:\/\/efijaszbereny.hu\/index.php?rest_route=\/wp\/v2\/posts"}],"about":[{"href":"http:\/\/efijaszbereny.hu\/index.php?rest_route=\/wp\/v2\/types\/post"}],"author":[{"embeddable":true,"href":"http:\/\/efijaszbereny.hu\/index.php?rest_route=\/wp\/v2\/users\/1"}],"replies":[{"embeddable":true,"href":"http:\/\/efijaszbereny.hu\/index.php?rest_route=%2Fwp%2Fv2%2Fcomments&post=1887"}],"version-history":[{"count":1,"href":"http:\/\/efijaszbereny.hu\/index.php?rest_route=\/wp\/v2\/posts\/1887\/revisions"}],"predecessor-version":[{"id":1891,"href":"http:\/\/efijaszbereny.hu\/index.php?rest_route=\/wp\/v2\/posts\/1887\/revisions\/1891"}],"wp:attachment":[{"href":"http:\/\/efijaszbereny.hu\/index.php?rest_route=%2Fwp%2Fv2%2Fmedia&parent=1887"}],"wp:term":[{"taxonomy":"category","embeddable":true,"href":"http:\/\/efijaszbereny.hu\/index.php?rest_route=%2Fwp%2Fv2%2Fcategories&post=1887"},{"taxonomy":"post_tag","embeddable":true,"href":"http:\/\/efijaszbereny.hu\/index.php?rest_route=%2Fwp%2Fv2%2Ftags&post=1887"}],"curies":[{"name":"wp","href":"https:\/\/api.w.org\/{rel}","templated":true}]}}