{"id":1896,"date":"2023-09-14T22:59:31","date_gmt":"2023-09-14T20:59:31","guid":{"rendered":"https:\/\/efijaszbereny.hu\/?p=1896"},"modified":"2023-09-15T00:01:50","modified_gmt":"2023-09-14T22:01:50","slug":"alzheimer-cafe-indul-jaszberenyben","status":"publish","type":"post","link":"http:\/\/efijaszbereny.hu\/?p=1896","title":{"rendered":"ALZHEIMER- CAF\u00c9 INDUL J\u00c1SZBER\u00c9NYBEN"},"content":{"rendered":"<p><a href=\"http:\/\/efijaszbereny.hu\/wp-content\/uploads\/378171831_615453094094568_8906254662818516139_n.jpg\"><img loading=\"lazy\" class=\"size-large wp-image-1894 aligncenter\" src=\"http:\/\/efijaszbereny.hu\/wp-content\/uploads\/378171831_615453094094568_8906254662818516139_n-724x1024.jpg\" alt=\"\" width=\"724\" height=\"1024\" srcset=\"http:\/\/efijaszbereny.hu\/wp-content\/uploads\/378171831_615453094094568_8906254662818516139_n-724x1024.jpg 724w, http:\/\/efijaszbereny.hu\/wp-content\/uploads\/378171831_615453094094568_8906254662818516139_n-212x300.jpg 212w, http:\/\/efijaszbereny.hu\/wp-content\/uploads\/378171831_615453094094568_8906254662818516139_n-768x1086.jpg 768w, http:\/\/efijaszbereny.hu\/wp-content\/uploads\/378171831_615453094094568_8906254662818516139_n-1086x1536.jpg 1086w, http:\/\/efijaszbereny.hu\/wp-content\/uploads\/378171831_615453094094568_8906254662818516139_n-1200x1697.jpg 1200w, http:\/\/efijaszbereny.hu\/wp-content\/uploads\/378171831_615453094094568_8906254662818516139_n.jpg 1414w\" sizes=\"(max-width: 709px) 85vw, (max-width: 909px) 67vw, (max-width: 984px) 61vw, (max-width: 1362px) 45vw, 600px\" \/><\/a><\/p>\n<p>&nbsp;<\/p>\n<div dir=\"auto\"><span style=\"font-size: 14pt;\"><strong>ALZHEIMER- CAF\u00c9 INDUL J\u00c1SZBER\u00c9NYBEN<\/strong><\/span><\/div>\n<div dir=\"auto\"><\/div>\n<div dir=\"auto\"><span style=\"font-size: 14pt;\">2023. szeptembert\u0151l, 2 havonta, a h\u00f3nap 2. het\u00e9nek, 2. napj\u00e1n, d\u00e9lut\u00e1n 16:00 \u00f3r\u00e1t\u00f3l.<\/span><\/div>\n<div dir=\"auto\"><span style=\"font-size: 14pt;\">A Szent Ferenc Egyes\u00edtett Szoci\u00e1lis Int\u00e9zm\u00e9ny szeretettel v\u00e1r minden \u00e9rdekl\u0151d\u0151t:<\/span><\/div>\n<div dir=\"auto\"><span style=\"font-size: 14pt;\">&#8211; akik otthonukban demens beteget gondoznak,<\/span><\/div>\n<div dir=\"auto\"><span style=\"font-size: 14pt;\">&#8211; akik eg\u00e9szs\u00e9g\u00fcgyben, szoci\u00e1lis ter\u00fcleten dolgoznak,<\/span><\/div>\n<div dir=\"auto\"><span style=\"font-size: 14pt;\">&#8211; vagy csak t\u00f6bbet szeretn\u00e9nek megtudni a betegs\u00e9gr\u0151l.<\/span><\/div>\n<p>&nbsp;<\/p>\n","protected":false},"excerpt":{"rendered":"<p>&nbsp; ALZHEIMER- CAF\u00c9 INDUL J\u00c1SZBER\u00c9NYBEN 2023. szeptembert\u0151l, 2 havonta, a h\u00f3nap 2. het\u00e9nek, 2. napj\u00e1n, d\u00e9lut\u00e1n 16:00 \u00f3r\u00e1t\u00f3l. A Szent Ferenc Egyes\u00edtett Szoci\u00e1lis Int\u00e9zm\u00e9ny szeretettel v\u00e1r minden \u00e9rdekl\u0151d\u0151t: &#8211; akik otthonukban demens beteget gondoznak, &#8211; akik eg\u00e9szs\u00e9g\u00fcgyben, szoci\u00e1lis ter\u00fcleten dolgoznak, &#8211; vagy csak t\u00f6bbet szeretn\u00e9nek megtudni a betegs\u00e9gr\u0151l. &nbsp;<\/p>\n","protected":false},"author":1,"featured_media":0,"comment_status":"closed","ping_status":"open","sticky":false,"template":"","format":"standard","meta":[],"categories":[1],"tags":[],"_links":{"self":[{"href":"http:\/\/efijaszbereny.hu\/index.php?rest_route=\/wp\/v2\/posts\/1896"}],"collection":[{"href":"http:\/\/efijaszbereny.hu\/index.php?rest_route=\/wp\/v2\/posts"}],"about":[{"href":"http:\/\/efijaszbereny.hu\/index.php?rest_route=\/wp\/v2\/types\/post"}],"author":[{"embeddable":true,"href":"http:\/\/efijaszbereny.hu\/index.php?rest_route=\/wp\/v2\/users\/1"}],"replies":[{"embeddable":true,"href":"http:\/\/efijaszbereny.hu\/index.php?rest_route=%2Fwp%2Fv2%2Fcomments&post=1896"}],"version-history":[{"count":1,"href":"http:\/\/efijaszbereny.hu\/index.php?rest_route=\/wp\/v2\/posts\/1896\/revisions"}],"predecessor-version":[{"id":1897,"href":"http:\/\/efijaszbereny.hu\/index.php?rest_route=\/wp\/v2\/posts\/1896\/revisions\/1897"}],"wp:attachment":[{"href":"http:\/\/efijaszbereny.hu\/index.php?rest_route=%2Fwp%2Fv2%2Fmedia&parent=1896"}],"wp:term":[{"taxonomy":"category","embeddable":true,"href":"http:\/\/efijaszbereny.hu\/index.php?rest_route=%2Fwp%2Fv2%2Fcategories&post=1896"},{"taxonomy":"post_tag","embeddable":true,"href":"http:\/\/efijaszbereny.hu\/index.php?rest_route=%2Fwp%2Fv2%2Ftags&post=1896"}],"curies":[{"name":"wp","href":"https:\/\/api.w.org\/{rel}","templated":true}]}}