{"id":1900,"date":"2023-09-26T07:09:54","date_gmt":"2023-09-26T05:09:54","guid":{"rendered":"https:\/\/efijaszbereny.hu\/?p=1900"},"modified":"2023-09-26T07:18:33","modified_gmt":"2023-09-26T05:18:33","slug":"oktober-2-an-15-orakor-a-cukorbeteg-es-sziv-es-errendszeri-klub","status":"publish","type":"post","link":"http:\/\/efijaszbereny.hu\/?p=1900","title":{"rendered":"Okt\u00f3ber 2.-\u00e1n 15 \u00f3rakor a Cukorbeteg \u00e9s Sz\u00edv- \u00e9s \u00c9rrendszeri klub"},"content":{"rendered":"<p style=\"text-align: center;\"><a href=\"http:\/\/efijaszbereny.hu\/wp-content\/uploads\/382806314_623072393332638_6916961052887639035_n.jpg\"><img loading=\"lazy\" class=\"alignnone wp-image-1901\" src=\"http:\/\/efijaszbereny.hu\/wp-content\/uploads\/382806314_623072393332638_6916961052887639035_n-724x1024.jpg\" alt=\"\" width=\"284\" height=\"401\" srcset=\"http:\/\/efijaszbereny.hu\/wp-content\/uploads\/382806314_623072393332638_6916961052887639035_n-724x1024.jpg 724w, http:\/\/efijaszbereny.hu\/wp-content\/uploads\/382806314_623072393332638_6916961052887639035_n-212x300.jpg 212w, http:\/\/efijaszbereny.hu\/wp-content\/uploads\/382806314_623072393332638_6916961052887639035_n-768x1086.jpg 768w, http:\/\/efijaszbereny.hu\/wp-content\/uploads\/382806314_623072393332638_6916961052887639035_n.jpg 843w\" sizes=\"(max-width: 284px) 85vw, 284px\" \/><\/a><\/p>\n<p>&nbsp;<\/p>\n<div dir=\"auto\" style=\"text-align: left;\"><span style=\"font-size: 14pt;\">Tisztelt J\u00e1szs\u00e1gi lakosok!<\/span><\/div>\n<div dir=\"auto\" style=\"text-align: left;\"><\/div>\n<hr \/>\n<div dir=\"auto\" style=\"text-align: left;\"><span style=\"font-size: 14pt;\">J\u00f6v\u0151 h\u00e9ten k\u00e9t klubfoglalkoz\u00e1ssal is v\u00e1rjuk \u00f6n\u00f6ket szeretettel a V\u00e1rosi K\u00f6nyvt\u00e1rban.<\/span><\/div>\n<hr \/>\n<div dir=\"auto\" style=\"text-align: left;\"><span style=\"font-size: 14pt;\">Okt\u00f3ber 2.-\u00e1n 15 \u00f3rakor a Cukorbeteg \u00e9s Sz\u00edv- \u00e9s \u00c9rrendszeri klubon, melyen De\u00e1k D\u00f3ra \u00e9s N\u00e9meth Eszter Erzs\u00e9bet dietetikusok el\u0151ad\u00e1st fognak tartani a Zs\u00edrok \u00e9s a Feh\u00e9rj\u00e9k szerep\u00e9r\u0151l az eg\u00e9szs\u00e9ges t\u00e1pl\u00e1lkoz\u00e1s \u00e9s a sz\u00edv- \u00e9s \u00e9rrendszeri betegs\u00e9gek t\u00fckr\u00e9ben.<\/span><\/div>\n<hr \/>\n<div dir=\"auto\" style=\"text-align: left;\"><\/div>\n<div dir=\"auto\" style=\"text-align: left;\"><span style=\"font-size: 14pt;\">Okt\u00f3ber 5.-\u00e9n 15 \u00f3rakor pedig a J\u00e1szs\u00e1gi Daganatos Betegek klubj\u00e1n v\u00e1rjuk \u00f6n\u00f6ket, melyen N\u00e9meth Eszter Erzs\u00e9bet dietetikus tart el\u0151ad\u00e1st a Daganatos kezel\u00e9s alatti t\u00e1pl\u00e1lkoz\u00e1sr\u00f3l.<\/span><\/div>\n","protected":false},"excerpt":{"rendered":"<p>&nbsp; Tisztelt J\u00e1szs\u00e1gi lakosok! J\u00f6v\u0151 h\u00e9ten k\u00e9t klubfoglalkoz\u00e1ssal is v\u00e1rjuk \u00f6n\u00f6ket szeretettel a V\u00e1rosi K\u00f6nyvt\u00e1rban. Okt\u00f3ber 2.-\u00e1n 15 \u00f3rakor a Cukorbeteg \u00e9s Sz\u00edv- \u00e9s \u00c9rrendszeri klubon, melyen De\u00e1k D\u00f3ra \u00e9s N\u00e9meth Eszter Erzs\u00e9bet dietetikusok el\u0151ad\u00e1st fognak tartani a Zs\u00edrok \u00e9s a Feh\u00e9rj\u00e9k szerep\u00e9r\u0151l az eg\u00e9szs\u00e9ges t\u00e1pl\u00e1lkoz\u00e1s \u00e9s a sz\u00edv- \u00e9s \u00e9rrendszeri betegs\u00e9gek t\u00fckr\u00e9ben. Okt\u00f3ber 5.-\u00e9n &hellip; <a href=\"http:\/\/efijaszbereny.hu\/?p=1900\" class=\"more-link\">Continue reading<span class=\"screen-reader-text\"> &#8222;Okt\u00f3ber 2.-\u00e1n 15 \u00f3rakor a Cukorbeteg \u00e9s Sz\u00edv- \u00e9s \u00c9rrendszeri klub&#8221;<\/span><\/a><\/p>\n","protected":false},"author":1,"featured_media":0,"comment_status":"closed","ping_status":"open","sticky":false,"template":"","format":"aside","meta":[],"categories":[1],"tags":[],"_links":{"self":[{"href":"http:\/\/efijaszbereny.hu\/index.php?rest_route=\/wp\/v2\/posts\/1900"}],"collection":[{"href":"http:\/\/efijaszbereny.hu\/index.php?rest_route=\/wp\/v2\/posts"}],"about":[{"href":"http:\/\/efijaszbereny.hu\/index.php?rest_route=\/wp\/v2\/types\/post"}],"author":[{"embeddable":true,"href":"http:\/\/efijaszbereny.hu\/index.php?rest_route=\/wp\/v2\/users\/1"}],"replies":[{"embeddable":true,"href":"http:\/\/efijaszbereny.hu\/index.php?rest_route=%2Fwp%2Fv2%2Fcomments&post=1900"}],"version-history":[{"count":2,"href":"http:\/\/efijaszbereny.hu\/index.php?rest_route=\/wp\/v2\/posts\/1900\/revisions"}],"predecessor-version":[{"id":1904,"href":"http:\/\/efijaszbereny.hu\/index.php?rest_route=\/wp\/v2\/posts\/1900\/revisions\/1904"}],"wp:attachment":[{"href":"http:\/\/efijaszbereny.hu\/index.php?rest_route=%2Fwp%2Fv2%2Fmedia&parent=1900"}],"wp:term":[{"taxonomy":"category","embeddable":true,"href":"http:\/\/efijaszbereny.hu\/index.php?rest_route=%2Fwp%2Fv2%2Fcategories&post=1900"},{"taxonomy":"post_tag","embeddable":true,"href":"http:\/\/efijaszbereny.hu\/index.php?rest_route=%2Fwp%2Fv2%2Ftags&post=1900"}],"curies":[{"name":"wp","href":"https:\/\/api.w.org\/{rel}","templated":true}]}}