{"id":1982,"date":"2025-08-04T10:58:45","date_gmt":"2025-08-04T08:58:45","guid":{"rendered":"http:\/\/efijaszbereny.hu\/?p=1982"},"modified":"2025-08-04T11:04:50","modified_gmt":"2025-08-04T09:04:50","slug":"megfelelo-szintu-az-egeszsegmuveltsegunk-milyen-lehetosegunk-van-a-fejlesztesere","status":"publish","type":"post","link":"http:\/\/efijaszbereny.hu\/?p=1982","title":{"rendered":"MEGFELEL\u0150 SZINT\u0170 AZ EG\u00c9SZS\u00c9GM\u0170VELTS\u00c9G\u00dcNK? MILYEN LEHET\u0150S\u00c9G\u00dcNK VAN A FEJLESZT\u00c9S\u00c9RE?"},"content":{"rendered":"<p>MEGFELEL\u0150 SZINT\u0170 AZ EG\u00c9SZS\u00c9GM\u0170VELTS\u00c9G\u00dcNK? MILYEN LEHET\u0150S\u00c9G\u00dcNK VAN A FEJLESZT\u00c9S\u00c9RE?<\/p>\n<p>Az eg\u00e9szs\u00e9gm\u0171velts\u00e9g kifejez\u00e9s legink\u00e1bb h\u00e1rom f\u0151 t\u00e9m\u00e1t fed le: 1) az eg\u00e9szs\u00e9ggel, eg\u00e9szs\u00e9g\u00fcgyi ell\u00e1t\u00e1ssal \u00e9s eg\u00e9szs\u00e9g\u00fcgyi ell\u00e1t\u00f3rendszerekkel kapcsolatos ismereteket; 2) az eg\u00e9szs\u00e9ggel kapcsolatos inform\u00e1ci\u00f3k feldolgoz\u00e1s\u00e1t \u00e9s felhaszn\u00e1l\u00e1s\u00e1t; valamint 3) az eg\u00e9szs\u00e9g meg\u0151rz\u00e9s\u00e9nek k\u00e9pess\u00e9g\u00e9t a saj\u00e1t er\u0151forr\u00e1sok szervez\u00e9se \u00e9s az eg\u00e9szs\u00e9g\u00fcgyi szolg\u00e1ltat\u00f3kkal val\u00f3 partners\u00e9g r\u00e9v\u00e9n.<\/p>\n<p>Az eg\u00e9szs\u00e9gm\u0171velts\u00e9g az egy\u00e9n azon k\u00e9pess\u00e9ge, hogy tud\u00e1st \u00e9s inform\u00e1ci\u00f3t szerezzen, majd azokat eg\u00e9szs\u00e9ge meg\u0151rz\u00e9s\u00e9re \u00e9s fejleszt\u00e9s\u00e9re ford\u00edtsa a saj\u00e1t \u00e9s az eg\u00e9szs\u00e9g\u00fcgyi ell\u00e1t\u00f3rendszer kontextus\u00e1nak megfelel\u0151 m\u00f3don.<\/p>\n<p>A k\u00fcl\u00f6nb\u00f6z\u0151 felm\u00e9r\u00e9sek szerint a magyar lakoss\u00e1g 54\u201386%-\u00e1nak megfelel\u0151 az objekt\u00edv eg\u00e9szs\u00e9gm\u0171velts\u00e9ge, m\u00edg a megfelel\u0151 m\u00e9rt\u00e9k\u0171 szubjekt\u00edv \u00a0eg\u00e9szs\u00e9gm\u0171velts\u00e9g ar\u00e1nya 30\u201347% k\u00f6z\u00f6tt alakul.<br \/>\nMint l\u00e1thatjuk, haz\u00e1nk lakoss\u00e1g\u00e1nak jelent\u0151s h\u00e1nyada nem rendelkezik megfelel\u0151 m\u00e9rt\u00e9k\u0171 eg\u00e9szs\u00e9gm\u0171velts\u00e9ggel. A nem megfelel\u0151 szint\u0171 eg\u00e9szs\u00e9gm\u0171velts\u00e9g pedig rosszabb eg\u00e9szs\u00e9gi mutat\u00f3kat eredm\u00e9nyez, k\u00f6vetkezt\u00e9ben az egy\u00e9n nem k\u00e9pes optim\u00e1lis m\u00f3don haszn\u00e1lni az eg\u00e9szs\u00e9g\u00fcgyi ell\u00e1t\u00f3rendszert. Ez egyes eg\u00e9szs\u00e9g\u00fcgyi szolg\u00e1ltat\u00e1sok alulhaszn\u00e1lat\u00e1hoz vezet (pl. prevenci\u00f3t szolg\u00e1l\u00f3 sz\u0171r\u0151vizsg\u00e1latok), m\u00edg m\u00e1s szolg\u00e1ltat\u00e1sokat t\u00falhaszn\u00e1lnak (pl. s\u00fcrg\u0151ss\u00e9gi betegell\u00e1t\u00e1s) (Berkman \u00e9s mtsai, 2011). A nem megfelel\u0151 szint\u0171 eg\u00e9szs\u00e9gm\u0171velts\u00e9ggel rendelkez\u0151 egy\u00e9nek egy szisztematikus \u00e1ttekint\u0151 tanulm\u00e1ny (Eichler \u00e9s mtsai, 2009) szerint mintegy 3\u20135%-kal n\u00f6velik meg az eg\u00e9szs\u00e9g\u00fcgyi ell\u00e1t\u00f3rendszer kiad\u00e1sait.<br \/>\nMivel a magyar lakoss\u00e1g jelent\u0151s h\u00e1nyada nem rendelkezik megfelel\u0151 szint\u0171 eg\u00e9szs\u00e9gm\u0171velts\u00e9ggel (B\u00edr\u00f3 \u00e9s mtsai, 2022; Koltai \u00e9s Kun, 2016a, 2016b; N\u00e1fr\u00e1di \u00e9s mtsai, 2019; Papp-Zi-pernovszky \u00e9s mtsai, 2016), \u00edgy olyan intervenci\u00f3k sz\u00fcks\u00e9gesek, melyek alkalmasak k\u00f6r\u00fckben az \u00e1ltal\u00e1nos eg\u00e9szs\u00e9gm\u0171velts\u00e9g m\u00e9rt\u00e9k\u00e9nek n\u00f6vel\u00e9s\u00e9re. Egy ilyen intervenci\u00f3s lehet\u0151s\u00e9g a 2022. november\u00e9ben indul\u00f3 \u201eJ\u00e1szs\u00e1gi daganatos betegek klubja\u201d , minden h\u00f3nap els\u0151 cs\u00fct\u00f6rt\u00f6k d\u00e9lut\u00e1n 15 \u00f3r\u00e1t\u00f3l.<br \/>\nAz elm\u00falt h\u00f3napokban Dr Csiki Zolt\u00e1n, Dr Besenyi Orsolya, Dr Szab\u00f3 Tam\u00e1s, Dr Szab\u00f3 Katalin, a J\u00e1szber\u00e9nyi Szent Erzs\u00e9bet K\u00f3rh\u00e1z f\u0151orvosai tartottak el\u0151ad\u00e1st\u00a0 a megel\u0151z\u00e9sr\u0151l, egyes daganat t\u00edpusok felismerhet\u0151s\u00e9g\u00e9r\u0151l, gy\u00f3gyul\u00e1si es\u00e9lyekr\u0151l, alternat\u00edv lehet\u0151s\u00e9gekr\u0151l. \u00a0 A klubfoglalkoz\u00e1sok nem csak daganatos betegs\u00e9gben \u00e9rintetteknek sz\u00f3lnak, t\u00e1j\u00e9koztat\u00f3 jelleg\u0171ek, inform\u00e1ci\u00f3kat szolg\u00e1ltatnak hiteles szem\u00e9lyekt\u0151l. Alkalmat adnak a daganatt\u00f3l elt\u00e9r\u0151 \u00e1llapotok, betegs\u00e9gek \u00e9rint\u00e9s\u00e9re is, \u00a0mint pl. az els\u0151seg\u00e9lyny\u00fajt\u00e1s lehet\u0151s\u00e9geire. Ezeken az el\u0151ad\u00e1sokon lehet\u0151s\u00e9g van k\u00e9rd\u00e9sek feltev\u00e9s\u00e9re a szakemberekt\u0151l, akik seg\u00edtenek a gyorsabb betegutak el\u00e9r\u00e9s\u00e9ben is. Hol tudom a leghat\u00e9konyabban fejleszteni az eg\u00e9szs\u00e9gm\u0171velts\u00e9gemet? Az internetr\u0151l vagy szem\u00e9lyesen a szakemberekt\u0151l?<br \/>\nA \u201eJ\u00e1szs\u00e1gi daganatos betegek klubja\u201d mellett cukorbetegeknek \u00e9s sz\u00edv \u00e9rrendszeri betegeknek is van klubfoglalkoz\u00e1suk. \u00d6n\u00f6k hallottak m\u00e1r ezekr\u0151l a lehet\u0151s\u00e9gekr\u0151l? \u00a0\u00c9lnek ezekkel az ingyenes programokkal?<br \/>\nA J\u00e1szber\u00e9nyi Szent Erzs\u00e9bet K\u00f3rh\u00e1z szervezeti egys\u00e9gek\u00e9nt m\u0171k\u00f6d\u0151 Eg\u00e9szs\u00e9gfejleszt\u00e9si Iroda folyamatosan b\u0151v\u00fcl\u0151 lehet\u0151s\u00e9geivel j\u00e1rul hozz\u00e1 a j\u00e1szs\u00e1gi lakosok eg\u00e9szs\u00e9gm\u0171velts\u00e9g fejleszt\u00e9s\u00e9hez. Vegy\u00e9k fel vel\u00fcnk a kapcsolatot!<br \/>\nDr Farkas Erzs\u00e9bet Eg\u00e9szs\u00e9gfejleszt\u00e9si Iroda vezet\u0151, F\u0151gy\u00f3gyszer\u00e9sz<br \/>\nKubas Eleon\u00f3ra M\u00e1rta Eg\u00e9szs\u00e9gfejleszt\u0151 Ment\u00e1lhigi\u00e9nikus<br \/>\nN\u00e9meth Eszter Dietetikus<\/p>\n","protected":false},"excerpt":{"rendered":"<p>MEGFELEL\u0150 SZINT\u0170 AZ EG\u00c9SZS\u00c9GM\u0170VELTS\u00c9G\u00dcNK? MILYEN LEHET\u0150S\u00c9G\u00dcNK VAN A FEJLESZT\u00c9S\u00c9RE? Az eg\u00e9szs\u00e9gm\u0171velts\u00e9g kifejez\u00e9s legink\u00e1bb h\u00e1rom f\u0151 t\u00e9m\u00e1t fed le: 1) az eg\u00e9szs\u00e9ggel, eg\u00e9szs\u00e9g\u00fcgyi ell\u00e1t\u00e1ssal \u00e9s eg\u00e9szs\u00e9g\u00fcgyi ell\u00e1t\u00f3rendszerekkel kapcsolatos ismereteket; 2) az eg\u00e9szs\u00e9ggel kapcsolatos inform\u00e1ci\u00f3k feldolgoz\u00e1s\u00e1t \u00e9s felhaszn\u00e1l\u00e1s\u00e1t; valamint 3) az eg\u00e9szs\u00e9g meg\u0151rz\u00e9s\u00e9nek k\u00e9pess\u00e9g\u00e9t a saj\u00e1t er\u0151forr\u00e1sok szervez\u00e9se \u00e9s az eg\u00e9szs\u00e9g\u00fcgyi szolg\u00e1ltat\u00f3kkal val\u00f3 partners\u00e9g r\u00e9v\u00e9n. Az eg\u00e9szs\u00e9gm\u0171velts\u00e9g &hellip; <a href=\"http:\/\/efijaszbereny.hu\/?p=1982\" class=\"more-link\">Continue reading<span class=\"screen-reader-text\"> &#8222;MEGFELEL\u0150 SZINT\u0170 AZ EG\u00c9SZS\u00c9GM\u0170VELTS\u00c9G\u00dcNK? MILYEN LEHET\u0150S\u00c9G\u00dcNK VAN A FEJLESZT\u00c9S\u00c9RE?&#8221;<\/span><\/a><\/p>\n","protected":false},"author":1,"featured_media":1981,"comment_status":"closed","ping_status":"open","sticky":false,"template":"","format":"standard","meta":[],"categories":[1],"tags":[],"_links":{"self":[{"href":"http:\/\/efijaszbereny.hu\/index.php?rest_route=\/wp\/v2\/posts\/1982"}],"collection":[{"href":"http:\/\/efijaszbereny.hu\/index.php?rest_route=\/wp\/v2\/posts"}],"about":[{"href":"http:\/\/efijaszbereny.hu\/index.php?rest_route=\/wp\/v2\/types\/post"}],"author":[{"embeddable":true,"href":"http:\/\/efijaszbereny.hu\/index.php?rest_route=\/wp\/v2\/users\/1"}],"replies":[{"embeddable":true,"href":"http:\/\/efijaszbereny.hu\/index.php?rest_route=%2Fwp%2Fv2%2Fcomments&post=1982"}],"version-history":[{"count":1,"href":"http:\/\/efijaszbereny.hu\/index.php?rest_route=\/wp\/v2\/posts\/1982\/revisions"}],"predecessor-version":[{"id":1983,"href":"http:\/\/efijaszbereny.hu\/index.php?rest_route=\/wp\/v2\/posts\/1982\/revisions\/1983"}],"wp:featuredmedia":[{"embeddable":true,"href":"http:\/\/efijaszbereny.hu\/index.php?rest_route=\/wp\/v2\/media\/1981"}],"wp:attachment":[{"href":"http:\/\/efijaszbereny.hu\/index.php?rest_route=%2Fwp%2Fv2%2Fmedia&parent=1982"}],"wp:term":[{"taxonomy":"category","embeddable":true,"href":"http:\/\/efijaszbereny.hu\/index.php?rest_route=%2Fwp%2Fv2%2Fcategories&post=1982"},{"taxonomy":"post_tag","embeddable":true,"href":"http:\/\/efijaszbereny.hu\/index.php?rest_route=%2Fwp%2Fv2%2Ftags&post=1982"}],"curies":[{"name":"wp","href":"https:\/\/api.w.org\/{rel}","templated":true}]}}