{"id":428,"date":"2016-11-29T09:51:23","date_gmt":"2016-11-29T09:51:23","guid":{"rendered":"http:\/\/efijaszbereny.hu\/?p=428"},"modified":"2017-03-08T14:31:35","modified_gmt":"2017-03-08T14:31:35","slug":"egeszseges-ezustevekertnovember-havi-program-a-jaszberenyi-szent-erzsebet-korhaz-nyugdijas-dolgozoi-szamara","status":"publish","type":"post","link":"http:\/\/efijaszbereny.hu\/?p=428","title":{"rendered":"&#8222;Eg\u00e9szs\u00e9ges Ez\u00fcst\u00e9vek\u00e9rt&#8221;november havi program a J\u00e1szber\u00e9nyi Szent Erzs\u00e9bet K\u00f3rh\u00e1z nyugd\u00edjas dolgoz\u00f3i sz\u00e1m\u00e1ra"},"content":{"rendered":"<p><a href=\"http:\/\/efijaszbereny.hu\/wp-content\/uploads\/2016.11.29.Eg\u00e9szs\u00e9ges-Ez\u00fcst\u00e9vek\u00e9rt-megh\u00edv\u00f3.pdf\">Eg\u00e9szs\u00e9ges Ez\u00fcst\u00e9vek\u00e9rt megh\u00edv\u00f3<\/a><\/p>\n","protected":false},"excerpt":{"rendered":"<p>Eg\u00e9szs\u00e9ges Ez\u00fcst\u00e9vek\u00e9rt megh\u00edv\u00f3<\/p>\n","protected":false},"author":1,"featured_media":0,"comment_status":"closed","ping_status":"open","sticky":false,"template":"","format":"standard","meta":[],"categories":[1],"tags":[],"_links":{"self":[{"href":"http:\/\/efijaszbereny.hu\/index.php?rest_route=\/wp\/v2\/posts\/428"}],"collection":[{"href":"http:\/\/efijaszbereny.hu\/index.php?rest_route=\/wp\/v2\/posts"}],"about":[{"href":"http:\/\/efijaszbereny.hu\/index.php?rest_route=\/wp\/v2\/types\/post"}],"author":[{"embeddable":true,"href":"http:\/\/efijaszbereny.hu\/index.php?rest_route=\/wp\/v2\/users\/1"}],"replies":[{"embeddable":true,"href":"http:\/\/efijaszbereny.hu\/index.php?rest_route=%2Fwp%2Fv2%2Fcomments&post=428"}],"version-history":[{"count":2,"href":"http:\/\/efijaszbereny.hu\/index.php?rest_route=\/wp\/v2\/posts\/428\/revisions"}],"predecessor-version":[{"id":455,"href":"http:\/\/efijaszbereny.hu\/index.php?rest_route=\/wp\/v2\/posts\/428\/revisions\/455"}],"wp:attachment":[{"href":"http:\/\/efijaszbereny.hu\/index.php?rest_route=%2Fwp%2Fv2%2Fmedia&parent=428"}],"wp:term":[{"taxonomy":"category","embeddable":true,"href":"http:\/\/efijaszbereny.hu\/index.php?rest_route=%2Fwp%2Fv2%2Fcategories&post=428"},{"taxonomy":"post_tag","embeddable":true,"href":"http:\/\/efijaszbereny.hu\/index.php?rest_route=%2Fwp%2Fv2%2Ftags&post=428"}],"curies":[{"name":"wp","href":"https:\/\/api.w.org\/{rel}","templated":true}]}}