{"id":615,"date":"2017-06-10T10:16:25","date_gmt":"2017-06-10T10:16:25","guid":{"rendered":"http:\/\/efijaszbereny.hu\/?p=615"},"modified":"2017-08-13T23:19:08","modified_gmt":"2017-08-13T23:19:08","slug":"velencei-tavi-kerekpartura","status":"publish","type":"post","link":"http:\/\/efijaszbereny.hu\/?p=615","title":{"rendered":"Velencei Tavi Ker\u00e9kp\u00e1rt\u00fara"},"content":{"rendered":"<p><a href=\"http:\/\/efijaszbereny.hu\/wp-content\/uploads\/2017.06.10.-Velencei-tavi-ker\u00e9kp\u00e1r-t\u00fara.pdf\">Felh\u00edv\u00e1s<\/a><\/p>\n","protected":false},"excerpt":{"rendered":"<p>Felh\u00edv\u00e1s<\/p>\n","protected":false},"author":1,"featured_media":0,"comment_status":"closed","ping_status":"open","sticky":false,"template":"","format":"standard","meta":[],"categories":[1],"tags":[],"_links":{"self":[{"href":"http:\/\/efijaszbereny.hu\/index.php?rest_route=\/wp\/v2\/posts\/615"}],"collection":[{"href":"http:\/\/efijaszbereny.hu\/index.php?rest_route=\/wp\/v2\/posts"}],"about":[{"href":"http:\/\/efijaszbereny.hu\/index.php?rest_route=\/wp\/v2\/types\/post"}],"author":[{"embeddable":true,"href":"http:\/\/efijaszbereny.hu\/index.php?rest_route=\/wp\/v2\/users\/1"}],"replies":[{"embeddable":true,"href":"http:\/\/efijaszbereny.hu\/index.php?rest_route=%2Fwp%2Fv2%2Fcomments&post=615"}],"version-history":[{"count":1,"href":"http:\/\/efijaszbereny.hu\/index.php?rest_route=\/wp\/v2\/posts\/615\/revisions"}],"predecessor-version":[{"id":616,"href":"http:\/\/efijaszbereny.hu\/index.php?rest_route=\/wp\/v2\/posts\/615\/revisions\/616"}],"wp:attachment":[{"href":"http:\/\/efijaszbereny.hu\/index.php?rest_route=%2Fwp%2Fv2%2Fmedia&parent=615"}],"wp:term":[{"taxonomy":"category","embeddable":true,"href":"http:\/\/efijaszbereny.hu\/index.php?rest_route=%2Fwp%2Fv2%2Fcategories&post=615"},{"taxonomy":"post_tag","embeddable":true,"href":"http:\/\/efijaszbereny.hu\/index.php?rest_route=%2Fwp%2Fv2%2Ftags&post=615"}],"curies":[{"name":"wp","href":"https:\/\/api.w.org\/{rel}","templated":true}]}}