{"id":637,"date":"2017-09-23T08:41:14","date_gmt":"2017-09-23T08:41:14","guid":{"rendered":"http:\/\/efijaszbereny.hu\/?p=637"},"modified":"2017-09-28T11:22:32","modified_gmt":"2017-09-28T11:22:32","slug":"egeszseges-ezustevekert-julius","status":"publish","type":"post","link":"http:\/\/efijaszbereny.hu\/?p=637","title":{"rendered":"Eg\u00e9szs\u00e9ges Ez\u00fcst\u00e9vek\u00e9rt Szeptember"},"content":{"rendered":"<p><a href=\"http:\/\/efijaszbereny.hu\/wp-content\/uploads\/Eg\u00e9szs\u00e9ges-Ez\u00fcst\u00e9vek\u00e9rt-T\u00e1j\u00e9koztat\u00f3.pdf\">Eg\u00e9szs\u00e9ges Ez\u00fcst\u00e9vek\u00e9rt j\u00falius havi programja a J\u00e1szber\u00e9nyi Szent Erzs\u00e9bet K\u00f3rh\u00e1z nyugd\u00edjas dolgoz\u00f3i sz\u00e1m\u00e1ra<br \/>\n<\/a><\/p>\n","protected":false},"excerpt":{"rendered":"<p>Eg\u00e9szs\u00e9ges Ez\u00fcst\u00e9vek\u00e9rt j\u00falius havi programja a J\u00e1szber\u00e9nyi Szent Erzs\u00e9bet K\u00f3rh\u00e1z nyugd\u00edjas dolgoz\u00f3i sz\u00e1m\u00e1ra<\/p>\n","protected":false},"author":1,"featured_media":0,"comment_status":"closed","ping_status":"open","sticky":false,"template":"","format":"standard","meta":[],"categories":[1],"tags":[],"_links":{"self":[{"href":"http:\/\/efijaszbereny.hu\/index.php?rest_route=\/wp\/v2\/posts\/637"}],"collection":[{"href":"http:\/\/efijaszbereny.hu\/index.php?rest_route=\/wp\/v2\/posts"}],"about":[{"href":"http:\/\/efijaszbereny.hu\/index.php?rest_route=\/wp\/v2\/types\/post"}],"author":[{"embeddable":true,"href":"http:\/\/efijaszbereny.hu\/index.php?rest_route=\/wp\/v2\/users\/1"}],"replies":[{"embeddable":true,"href":"http:\/\/efijaszbereny.hu\/index.php?rest_route=%2Fwp%2Fv2%2Fcomments&post=637"}],"version-history":[{"count":2,"href":"http:\/\/efijaszbereny.hu\/index.php?rest_route=\/wp\/v2\/posts\/637\/revisions"}],"predecessor-version":[{"id":663,"href":"http:\/\/efijaszbereny.hu\/index.php?rest_route=\/wp\/v2\/posts\/637\/revisions\/663"}],"wp:attachment":[{"href":"http:\/\/efijaszbereny.hu\/index.php?rest_route=%2Fwp%2Fv2%2Fmedia&parent=637"}],"wp:term":[{"taxonomy":"category","embeddable":true,"href":"http:\/\/efijaszbereny.hu\/index.php?rest_route=%2Fwp%2Fv2%2Fcategories&post=637"},{"taxonomy":"post_tag","embeddable":true,"href":"http:\/\/efijaszbereny.hu\/index.php?rest_route=%2Fwp%2Fv2%2Ftags&post=637"}],"curies":[{"name":"wp","href":"https:\/\/api.w.org\/{rel}","templated":true}]}}